{"id":6244,"date":"2012-08-08T17:27:57","date_gmt":"2012-08-08T15:27:57","guid":{"rendered":"http:\/\/www.tucomarca.com\/wordpress\/segunda\/?p=6244"},"modified":"2012-08-08T17:27:57","modified_gmt":"2012-08-08T15:27:57","slug":"la-subsecretaria-de-la-conselleria-de-agricultura-amparo-montoro-se-ha-reunido-con-el-presidente-de-la-cooperativa-vinicola-san-antonio-abad-de-alcublas","status":"publish","type":"post","link":"https:\/\/www.tucomarca.com\/wordpress\/segunda\/la-subsecretaria-de-la-conselleria-de-agricultura-amparo-montoro-se-ha-reunido-con-el-presidente-de-la-cooperativa-vinicola-san-antonio-abad-de-alcublas\/","title":{"rendered":"La subsecretaria de la Conselleria de Agricultura, Amparo Montoro, se ha reunido con el presidente de la cooperativa vin\u00edcola San Antonio Abad de Alcublas"},"content":{"rendered":"<figure id=\"attachment_6245\" aria-describedby=\"caption-attachment-6245\" style=\"width: 300px\" class=\"wp-caption alignleft\"><a href=\"https:\/\/www.tucomarca.com\/wordpress\/segunda\/wp-content\/uploads\/2012\/08\/080812_San_Antonio_Abad.jpg\"><img loading=\"lazy\" decoding=\"async\" class=\"size-medium wp-image-6245\" title=\"080812_San_Antonio_Abad\" src=\"https:\/\/www.tucomarca.com\/wordpress\/segunda\/wp-content\/uploads\/2012\/08\/080812_San_Antonio_Abad-300x225.jpg\" alt=\"La subsecretaria de la Conselleria de Agricultura se ha reunido con el presidente de la cooperativa vin\u00edcola San Antonio Abad de Alcublas.\" width=\"300\" height=\"225\" srcset=\"https:\/\/www.tucomarca.com\/wordpress\/segunda\/wp-content\/uploads\/2012\/08\/080812_San_Antonio_Abad-300x225.jpg 300w, https:\/\/www.tucomarca.com\/wordpress\/segunda\/wp-content\/uploads\/2012\/08\/080812_San_Antonio_Abad-1024x768.jpg 1024w\" sizes=\"auto, (max-width: 300px) 100vw, 300px\" \/><\/a><figcaption id=\"caption-attachment-6245\" class=\"wp-caption-text\">La subsecretaria de la Conselleria de Agricultura se ha reunido con el presidente de la cooperativa vin\u00edcola San Antonio Abad de Alcublas.<\/figcaption><\/figure>\n<p>La subsecretaria de la Conselleria de Agricultura, Pesca, Alimentaci\u00f3n y  Agua, Amparo Montoro, se ha reunido hoy con el presidente de la  cooperativa vin\u00edcola San Antonio Abad, de Alcublas, para tratar las  consecuencias del incendio que ha afectado terrenos de cultivo de los  socios de esta entidad en diferentes t\u00e9rminos municipales.<\/p>\n<p>Durante la reuni\u00f3n, se ha planteado por parte de los  responsables de la cooperativa la necesidad de que las ayudas  articuladas permitan reponer el da\u00f1o causado por el fuego y recuperar la  capacidad productiva de las parcelas afectadas, as\u00ed como otras  cuestiones como los calendarios de reforestaci\u00f3n en fechas propicias  para que los plantones arraiguen con fuerza.<\/p>\n<p>Asimismo, ambas partes han coincidido en que el mantenimiento  de la actividad agraria y ganadera en estas zonas es un factor clave  para el mantenimiento del paisaje y como barrera natural para evitar el  avance del fuego, adem\u00e1s de constituir el principal sector econ\u00f3mico en  estos municipios.<\/p>\n","protected":false},"excerpt":{"rendered":"<div class=\"mh-excerpt\">La subsecretaria de la Conselleria de Agricultura, Pesca, Alimentaci\u00f3n y Agua, Amparo Montoro, se ha reunido hoy con el presidente de la cooperativa vin\u00edcola San Antonio Abad, de Alcublas, para tratar las consecuencias del incendio <a class=\"mh-excerpt-more\" href=\"https:\/\/www.tucomarca.com\/wordpress\/segunda\/la-subsecretaria-de-la-conselleria-de-agricultura-amparo-montoro-se-ha-reunido-con-el-presidente-de-la-cooperativa-vinicola-san-antonio-abad-de-alcublas\/\" title=\"La subsecretaria de la Conselleria de Agricultura, Amparo Montoro, se ha reunido con el presidente de la cooperativa vin\u00edcola San Antonio Abad de Alcublas\">[+] <\/a><\/div>\n","protected":false},"author":1,"featured_media":6245,"comment_status":"open","ping_status":"open","sticky":false,"template":"","format":"standard","meta":{"footnotes":""},"categories":[169,137,8,59,117,3],"tags":[],"class_list":{"0":"post-6244","1":"post","2":"type-post","3":"status-publish","4":"format-standard","5":"has-post-thumbnail","7":"category-agricultura-la-comarca","8":"category-alcublas","9":"category-la-comarca","10":"category-los-serranos","11":"category-medio-ambiente-la-comarca","12":"category-seccion"},"_links":{"self":[{"href":"https:\/\/www.tucomarca.com\/wordpress\/segunda\/wp-json\/wp\/v2\/posts\/6244","targetHints":{"allow":["GET"]}}],"collection":[{"href":"https:\/\/www.tucomarca.com\/wordpress\/segunda\/wp-json\/wp\/v2\/posts"}],"about":[{"href":"https:\/\/www.tucomarca.com\/wordpress\/segunda\/wp-json\/wp\/v2\/types\/post"}],"author":[{"embeddable":true,"href":"https:\/\/www.tucomarca.com\/wordpress\/segunda\/wp-json\/wp\/v2\/users\/1"}],"replies":[{"embeddable":true,"href":"https:\/\/www.tucomarca.com\/wordpress\/segunda\/wp-json\/wp\/v2\/comments?post=6244"}],"version-history":[{"count":0,"href":"https:\/\/www.tucomarca.com\/wordpress\/segunda\/wp-json\/wp\/v2\/posts\/6244\/revisions"}],"wp:featuredmedia":[{"embeddable":true,"href":"https:\/\/www.tucomarca.com\/wordpress\/segunda\/wp-json\/wp\/v2\/media\/6245"}],"wp:attachment":[{"href":"https:\/\/www.tucomarca.com\/wordpress\/segunda\/wp-json\/wp\/v2\/media?parent=6244"}],"wp:term":[{"taxonomy":"category","embeddable":true,"href":"https:\/\/www.tucomarca.com\/wordpress\/segunda\/wp-json\/wp\/v2\/categories?post=6244"},{"taxonomy":"post_tag","embeddable":true,"href":"https:\/\/www.tucomarca.com\/wordpress\/segunda\/wp-json\/wp\/v2\/tags?post=6244"}],"curies":[{"name":"wp","href":"https:\/\/api.w.org\/{rel}","templated":true}]}}