{"id":62474,"date":"2017-11-14T21:16:27","date_gmt":"2017-11-14T19:16:27","guid":{"rendered":"http:\/\/www.tucomarca.com\/wordpress\/segunda\/?p=62474"},"modified":"2017-11-14T21:16:27","modified_gmt":"2017-11-14T19:16:27","slug":"la-diputacio-construira-una-pasarela-para-acceder-de-forma-segura-al-area-recreativa-de-venta-del-moro","status":"publish","type":"post","link":"https:\/\/www.tucomarca.com\/wordpress\/segunda\/la-diputacio-construira-una-pasarela-para-acceder-de-forma-segura-al-area-recreativa-de-venta-del-moro\/","title":{"rendered":"La Diputaci\u00f3 construir\u00e1 una pasarela para acceder de forma segura al \u00e1rea recreativa de Venta del Moro"},"content":{"rendered":"<figure id=\"attachment_62475\" aria-describedby=\"caption-attachment-62475\" style=\"width: 2362px\" class=\"wp-caption alignleft\"><img loading=\"lazy\" decoding=\"async\" class=\"size-full wp-image-62475\" src=\"https:\/\/www.tucomarca.com\/wordpress\/segunda\/wp-content\/uploads\/2017\/11\/JorgeSegui.jpg\" alt=\"Jorge Rodr\u00edguez y Pablo Segu\u00ed durante la presentaci\u00f3n del Plan de Movilidad Ciclo Peatonal de la Diputaci\u00f3n.\" width=\"2362\" height=\"1320\" srcset=\"https:\/\/www.tucomarca.com\/wordpress\/segunda\/wp-content\/uploads\/2017\/11\/JorgeSegui.jpg 2362w, https:\/\/www.tucomarca.com\/wordpress\/segunda\/wp-content\/uploads\/2017\/11\/JorgeSegui-300x168.jpg 300w, https:\/\/www.tucomarca.com\/wordpress\/segunda\/wp-content\/uploads\/2017\/11\/JorgeSegui-768x429.jpg 768w, https:\/\/www.tucomarca.com\/wordpress\/segunda\/wp-content\/uploads\/2017\/11\/JorgeSegui-1024x572.jpg 1024w\" sizes=\"auto, (max-width: 2362px) 100vw, 2362px\" \/><figcaption id=\"caption-attachment-62475\" class=\"wp-caption-text\">Jorge Rodr\u00edguez y Pablo Segu\u00ed durante la presentaci\u00f3n del Plan de Movilidad Ciclo Peatonal de la Diputaci\u00f3n.<\/figcaption><\/figure>\n<p>La Diputaci\u00f3 de Val\u00e8ncia contin\u00faa avanzando en la ejecuci\u00f3n del Plan de Movilidad Ciclopeatonal que crear\u00e1 en las comarcas valencianas todo un tramado de rutas seguras para esos \u201cotros\u201d usuarios de las carreteras que se desplazan a pie o en veh\u00edculos no motorizados por las v\u00edas provinciales.<\/p>\n<p>&nbsp;<\/p>\n<p>Un plan que en la comarca de Requena-Utiel est\u00e1 a punto de materializarse con la construcci\u00f3n de la reivindicada pasarela de la CV-455 en Venta del Moro. As\u00ed lo ha anunciado el diputado de Carreteras, Pablo Segu\u00ed, en la visita realizada recientemente al municipio, donde ha trasladado al alcalde, Luis Francisco L\u00f3pez, la intenci\u00f3n de realizar las obras en el primer trimestre de 2018.<\/p>\n<p>&nbsp;<\/p>\n<p>La infraestructura proyectada por el \u00e1rea de Carreteras permitir\u00e1 conectar el casco urbano de Venta del Moro con el parque y zona recreativa ubicado a la salida del municipio, evitando la circulaci\u00f3n de los viandantes por la carretera. Para poder generar este acceso, el proyecto contempla la construcci\u00f3n de una pasarela de 150 metros de longitud, que salvar\u00e1 el cauce del barranco bajo la CV-455.<\/p>\n<p>&nbsp;<\/p>\n<p>Se trata de una actuaci\u00f3n compleja cuyo presupuesto de ejecuci\u00f3n asciende a 139.308 euros y que el primer edil de Venta del Moro ha destacado que \u201cevitar\u00e1 que las personas que quieren pasear por las afueras del pueblo tengan que compartir el mismo espacio que los veh\u00edculos\u201d. No en vano, la mejora de la seguridad vial es el esp\u00edritu que subyace, no s\u00f3lo en el Plan de Movilidad Ciclopeatonal, sino \u201cen todos los proyectos que impulsa el \u00c1rea de Carreteras de la Diputaci\u00f3n de Valencia\u201d, tal como ha subrayado Pablo Segu\u00ed.<\/p>\n<p>&nbsp;<\/p>\n<p>El diputado ha aprovechado para recordar en esta l\u00ednea las actuaciones realizadas y programadas en municipios como Requena, Camporrobles, Fuenterrobles y Utiel, destinadas todas ellas a mejorar la seguridad de los usuarios mediante la mejora de cunetas, el refuerzo de firmes o la renovaci\u00f3n de se\u00f1alizaci\u00f3n y marcas viales.<\/p>\n<p>&nbsp;<\/p>\n<p>\u201cActuaciones a las que se unir\u00e1 a partir de este mes el incremento de un 39% aplicado al presupuesto de los nuevos contratos de Conservaci\u00f3n, y que supondr\u00e1 que la comarca cuente con 1,9 millones de euros al a\u00f1o para el mantenimiento ordinario de las carreteras provinciales y la atenci\u00f3n a emergencias, as\u00ed como para la ejecuci\u00f3n de mejoras funcionales destinadas a mejorar la seguridad vial mediante la remodelaci\u00f3n de intersecciones, suavizado de curvas o creaci\u00f3n de itinerarios ciclopeatonales\u201d, ha a\u00f1adido Segu\u00ed.<\/p>\n","protected":false},"excerpt":{"rendered":"<div class=\"mh-excerpt\">La Diputaci\u00f3 de Val\u00e8ncia contin\u00faa avanzando en la ejecuci\u00f3n del Plan de Movilidad Ciclopeatonal que crear\u00e1 en las comarcas valencianas todo un tramado de rutas seguras para esos \u201cotros\u201d usuarios de las carreteras que se <a class=\"mh-excerpt-more\" href=\"https:\/\/www.tucomarca.com\/wordpress\/segunda\/la-diputacio-construira-una-pasarela-para-acceder-de-forma-segura-al-area-recreativa-de-venta-del-moro\/\" title=\"La Diputaci\u00f3 construir\u00e1 una pasarela para acceder de forma segura al \u00e1rea recreativa de Venta del Moro\">[+] <\/a><\/div>\n","protected":false},"author":1,"featured_media":62475,"comment_status":"open","ping_status":"open","sticky":false,"template":"","format":"standard","meta":{"footnotes":""},"categories":[128,8,142,27,3,234,45],"tags":[204,10387,10454],"class_list":{"0":"post-62474","1":"post","2":"type-post","3":"status-publish","4":"format-standard","5":"has-post-thumbnail","7":"category-infraestructuras","8":"category-la-comarca","9":"category-politica-la-comarca","10":"category-requena-utiel","11":"category-seccion","12":"category-venta-del-moro","13":"category-ventana","14":"tag-diputacion","15":"tag-requena-utiel","16":"tag-venta-del-moro"},"_links":{"self":[{"href":"https:\/\/www.tucomarca.com\/wordpress\/segunda\/wp-json\/wp\/v2\/posts\/62474","targetHints":{"allow":["GET"]}}],"collection":[{"href":"https:\/\/www.tucomarca.com\/wordpress\/segunda\/wp-json\/wp\/v2\/posts"}],"about":[{"href":"https:\/\/www.tucomarca.com\/wordpress\/segunda\/wp-json\/wp\/v2\/types\/post"}],"author":[{"embeddable":true,"href":"https:\/\/www.tucomarca.com\/wordpress\/segunda\/wp-json\/wp\/v2\/users\/1"}],"replies":[{"embeddable":true,"href":"https:\/\/www.tucomarca.com\/wordpress\/segunda\/wp-json\/wp\/v2\/comments?post=62474"}],"version-history":[{"count":0,"href":"https:\/\/www.tucomarca.com\/wordpress\/segunda\/wp-json\/wp\/v2\/posts\/62474\/revisions"}],"wp:featuredmedia":[{"embeddable":true,"href":"https:\/\/www.tucomarca.com\/wordpress\/segunda\/wp-json\/wp\/v2\/media\/62475"}],"wp:attachment":[{"href":"https:\/\/www.tucomarca.com\/wordpress\/segunda\/wp-json\/wp\/v2\/media?parent=62474"}],"wp:term":[{"taxonomy":"category","embeddable":true,"href":"https:\/\/www.tucomarca.com\/wordpress\/segunda\/wp-json\/wp\/v2\/categories?post=62474"},{"taxonomy":"post_tag","embeddable":true,"href":"https:\/\/www.tucomarca.com\/wordpress\/segunda\/wp-json\/wp\/v2\/tags?post=62474"}],"curies":[{"name":"wp","href":"https:\/\/api.w.org\/{rel}","templated":true}]}}