{"id":6248,"date":"2012-08-08T20:39:17","date_gmt":"2012-08-08T18:39:17","guid":{"rendered":"http:\/\/www.tucomarca.com\/wordpress\/segunda\/?p=6248"},"modified":"2012-08-08T20:39:17","modified_gmt":"2012-08-08T18:39:17","slug":"picaduras-accidentes-infantiles-y-otitis-las-urgencias-mas-comunes-del-verano","status":"publish","type":"post","link":"https:\/\/www.tucomarca.com\/wordpress\/segunda\/picaduras-accidentes-infantiles-y-otitis-las-urgencias-mas-comunes-del-verano\/","title":{"rendered":"Picaduras, accidentes infantiles y otitis, las urgencias m\u00e1s comunes del verano"},"content":{"rendered":"<p>Las atenciones urgentes por patolog\u00eda traumatol\u00f3gica en el Hospital de Manises se incrementan durante el periodo estival. El motivo: los numerosos campamentos de verano, las excursiones y la mayor exposici\u00f3n al aire libre de\u00a0 peque\u00f1os y ancianos. Tal como explica la doctora Aurora Gallego, jefa del Servicio de Urgencias del centro hospitalario, \u201csiempre detectamos picos en estos meses. Algunas poblaciones del \u00e1rea son lugares de monta\u00f1a muy frecuentados en verano y los accidentes traumatol\u00f3gicos\u00a0 son habituales\u201d, destaca Gallego.<\/p>\n<p>Propias de los lugares de monta\u00f1a tambi\u00e9n son las atenciones por picaduras, fundamentalmente de insectos, aunque tambi\u00e9n hay alg\u00fan caso de mordedura de serpiente. \u201cEn general ninguna de ellas presenta gravedad. Las especies aut\u00f3ctonas de la Comunidad no son especialmente venenosas. En cualquier caso, si es necesario, los especialistas contamos con un cat\u00e1logo de especies para poder consultar y con ant\u00eddotos para tratar\u201d, explica Gallego. El turismo de monta\u00f1a tambi\u00e9n ocasiona consultas al Servicio de Urgencias por eritemas solares y otitis externas provocadas por ba\u00f1os en piscinas. \u201cSiempre recomendamos una buena protecci\u00f3n solar e hidrataci\u00f3n abundante si se va a realizar una excursi\u00f3n por la monta\u00f1a, aunque no lo parezca, porque la exposici\u00f3n no es intencionada, el sol afecta igualmente y puede producir insolaciones, quemaduras o golpes de calor\u201d, recomienda la doctora. En el caso de las otitis los especialistas de Manises recomiendan secar siempre bien los o\u00eddos despu\u00e9s de cada inmersi\u00f3n y utilizar tapones si se tiene propensi\u00f3n a este tipo de infecciones.<\/p>\n<p><strong>Fiestas populares<\/strong><\/p>\n<p>Las fiestas populares que acogen numerosas localidades del \u00e1rea durante los meses de verano tambi\u00e9n generan urgencias hospitalarias. Como se\u00f1ala la responsable del Servicio de Urgencias del Hospital de Manises, \u201crecibimos picos puntuales de intoxicaciones et\u00edlicas que siempre coinciden con alguna festividad local, por lo que recomendamos mucha prudencia en la ingesta de alcohol, sobre todo, entre los m\u00e1s j\u00f3venes\u201d.<\/p>\n<p>A la ingesta de alcohol se suman los problemas oculares y erupciones cut\u00e1neas en el caso de \u2018La Tomatina\u2019, que se celebra en Bu\u00f1ol el \u00faltimo mi\u00e9rcoles de agosto.<\/p>\n<p><strong>Intoxicaciones alimenticias y gastroenteritis<\/strong><\/p>\n<p>El calor y la mala conservaci\u00f3n de los alimentos tambi\u00e9n ocasiona que en verano las intoxicaciones alimenticias y la gastroenteritis sean comunes. Por eso, desde el Servicio de Urgencias del Hospital de Manises se recomienda una adecuada conservaci\u00f3n de carnes y pescados y evitar consumir los alimentos crudos. En caso de problemas intestinales de origen v\u00edrico, es importante evitar la transmisi\u00f3n, evitando la utilizaci\u00f3n de zonas comunes y lavarse las manos con frecuencia.<\/p>\n","protected":false},"excerpt":{"rendered":"<div class=\"mh-excerpt\">Las atenciones urgentes por patolog\u00eda traumatol\u00f3gica en el Hospital de Manises se incrementan durante el periodo estival. El motivo: los numerosos campamentos de verano, las excursiones y la mayor exposici\u00f3n al aire libre de\u00a0 peque\u00f1os <a class=\"mh-excerpt-more\" href=\"https:\/\/www.tucomarca.com\/wordpress\/segunda\/picaduras-accidentes-infantiles-y-otitis-las-urgencias-mas-comunes-del-verano\/\" title=\"Picaduras, accidentes infantiles y otitis, las urgencias m\u00e1s comunes del verano\">[+] <\/a><\/div>\n","protected":false},"author":1,"featured_media":2166,"comment_status":"open","ping_status":"open","sticky":false,"template":"","format":"standard","meta":{"footnotes":""},"categories":[46,119,8,72,3],"tags":[],"class_list":{"0":"post-6248","1":"post","2":"type-post","3":"status-publish","4":"format-standard","5":"has-post-thumbnail","7":"category-camp-de-turia","8":"category-sanidad-la-comarca","9":"category-la-comarca","10":"category-sin-categorizar","11":"category-seccion"},"_links":{"self":[{"href":"https:\/\/www.tucomarca.com\/wordpress\/segunda\/wp-json\/wp\/v2\/posts\/6248","targetHints":{"allow":["GET"]}}],"collection":[{"href":"https:\/\/www.tucomarca.com\/wordpress\/segunda\/wp-json\/wp\/v2\/posts"}],"about":[{"href":"https:\/\/www.tucomarca.com\/wordpress\/segunda\/wp-json\/wp\/v2\/types\/post"}],"author":[{"embeddable":true,"href":"https:\/\/www.tucomarca.com\/wordpress\/segunda\/wp-json\/wp\/v2\/users\/1"}],"replies":[{"embeddable":true,"href":"https:\/\/www.tucomarca.com\/wordpress\/segunda\/wp-json\/wp\/v2\/comments?post=6248"}],"version-history":[{"count":0,"href":"https:\/\/www.tucomarca.com\/wordpress\/segunda\/wp-json\/wp\/v2\/posts\/6248\/revisions"}],"wp:featuredmedia":[{"embeddable":true,"href":"https:\/\/www.tucomarca.com\/wordpress\/segunda\/wp-json\/wp\/v2\/media\/2166"}],"wp:attachment":[{"href":"https:\/\/www.tucomarca.com\/wordpress\/segunda\/wp-json\/wp\/v2\/media?parent=6248"}],"wp:term":[{"taxonomy":"category","embeddable":true,"href":"https:\/\/www.tucomarca.com\/wordpress\/segunda\/wp-json\/wp\/v2\/categories?post=6248"},{"taxonomy":"post_tag","embeddable":true,"href":"https:\/\/www.tucomarca.com\/wordpress\/segunda\/wp-json\/wp\/v2\/tags?post=6248"}],"curies":[{"name":"wp","href":"https:\/\/api.w.org\/{rel}","templated":true}]}}