{"id":6253,"date":"2012-08-09T09:41:44","date_gmt":"2012-08-09T07:41:44","guid":{"rendered":"http:\/\/www.tucomarca.com\/wordpress\/segunda\/?p=6253"},"modified":"2012-08-09T09:41:44","modified_gmt":"2012-08-09T07:41:44","slug":"el-psoe-de-bunol-inicia-una-nueva-etapa-con-una-renovada-comision-ejecutiva-local","status":"publish","type":"post","link":"https:\/\/www.tucomarca.com\/wordpress\/segunda\/el-psoe-de-bunol-inicia-una-nueva-etapa-con-una-renovada-comision-ejecutiva-local\/","title":{"rendered":"El PSOE de Bu\u00f1ol inicia una nueva etapa con una renovada Comisi\u00f3n Ejecutiva Local"},"content":{"rendered":"<p>La Casa del Pueblo de Bu\u00f1ol ha acogido esta semana la primera reuni\u00f3n de la Comisi\u00f3n Ejecutiva Local (CEL) salida de la \u00faltima asamblea del PSPV-PSOE. Con esta cita, los socialistas inician una nueva etapa con una renovada CEL apoyada por cerca del 90% de los militantes y que est\u00e1 liderada por Aurelio Palmer, que sigue al frente de la secretar\u00eda general. \u00abEsta nueva etapa se abre justo cuando se cumple un a\u00f1o de la legislatura municipal y donde nuestro partido, forma un gobierno de izquierdas junto a las otras dos fuerzas progresistas con representaci\u00f3n en el consistorio, EU e IAB. Sin duda, uno de los principales objetivos de la nueva Comisi\u00f3n va a ser trabajar junto a nuestros compa\u00f1eros y compa\u00f1eras concejales, tambi\u00e9n miembros de la ejecutiva, para que este pacto siga hacia adelante y pueda sortear todas las adversidades que se encuentre en el camino. Adversidades como la escisi\u00f3n que ha sufrido EU y que ha dejado al gobierno local en minor\u00eda\u00bb, ha afirmado el Vicesecretario General y Portavoz del PSPV-PSOE de Bu\u00f1ol, Manuel Sierra.<br \/>\n\u00abVenimos trabajando desde hace mucho los socialistas, para acabar con esa divisi\u00f3n est\u00e9ril que la izquierda ha tenido en Bu\u00f1ol, por lo que no nos vamos a rendir al primer contratiempo. Nuestra representaci\u00f3n en el Ayuntamiento, sea m\u00e1s o menos numerosa, siempre trabajar\u00e1 para este fin, de ah\u00ed que no dud\u00e1ramos despu\u00e9s de las elecciones municipales, a pesar de perderlas por primera vez desde 1995, que nuestras mermadas fuerzas, deb\u00edan ir a parar a un gobierno de progreso en Bu\u00f1ol, como as\u00ed fue finalmente. Seamos la primera fuerza pol\u00edtica, la segunda o la tercera, el PSPV-PSOE de Bu\u00f1ol no cambiar\u00e1 nunca sus objetivos de acercamiento con el resto de fuerzas de izquierdas en la pol\u00edtica municipal. Los hechos est\u00e1n ah\u00ed para demostrar nuestras palabras. En cuanto a la reuni\u00f3n de esta semana, han sido muchas las propuestas y las ideas que se han debatido en este primer contacto de la nueva CEL, debate propio de un partido con vida y que trabaja para recuperar el liderazgo pol\u00edtico en nuestro pueblo.  Ejemplo de las ganas de trabajar por parte de los componentes de la nueva CEL, es la moci\u00f3n que hemos elaborado entre todos y todas para que nuestros compa\u00f1eros y compa\u00f1eras en el Ayuntamiento la defiendan en el pr\u00f3ximo pleno ordinario de septiembre. Moci\u00f3n de rechazo a la reforma de la Ley del Aborto que pretende llevar a cabo para el pr\u00f3ximo oto\u00f1o, el gobierno conservador del se\u00f1or Rajoy. El PP pretende volver a un escenario donde el aborto no est\u00e9 despenalizado en varios supuestos, como lo est\u00e1 desde 1985. Desde la CEL pedimos en la moci\u00f3n que hemos elaborado, que el PP respete la Ley Org\u00e1nica 2\/2010, de 3 de marzo, de salud sexual y reproductiva y de la interrupci\u00f3n voluntaria del embarazo y  que el Ayuntamiento de Bu\u00f1ol, se una al manifiesto &#8216;Decidir nos hace libres&#8217; elaborado por la Plataforma Estatal en Defensa de los Derechos Sexuales y Reproductivos, que agrupa a m\u00e1s de 140 organizaciones sociales y de mujeres de nuestro pa\u00eds, entre las que se encuentran las asociaciones \u2018Cat\u00f3licas por el Derecho a Decidir\u2019 o la \u2018Federaci\u00f3 de Dones Progressistes de la Comunitat Valenciana\u2019, entre otras\u00bb, a\u00f1ade Manuel Sierra.<br \/>\nComo se adelanta desde la nueva Comisi\u00f3n Ejecutiva Local el pr\u00f3ximo mes de septiembre se celebrar\u00e1 una nueva reuni\u00f3n con el fin \u00abde seguir trabajando en esta nueva etapa esperanzadora que se abre en el PSPV-PSOE de Bu\u00f1ol, donde m\u00e1s que nunca somos necesarios los socialistas, ante un PP nacional err\u00e1tico en sus pol\u00edticas econ\u00f3micas, un PP auton\u00f3mico que navega sin rumbo desde la dimisi\u00f3n de su otrora l\u00edder, Francisco Camps  y un PP local que un a\u00f1o despu\u00e9s, todav\u00eda no ha asimilado el importante papel de oposici\u00f3n y control del gobierno que le toca desempe\u00f1ar en esta legislatura. Por \u00faltimo comentar, que estamos abiertos a aclarar cualquier duda, cr\u00edtica o sugerencia por parte de cualquier vecino o vecina, sea militante de nuestro partido o no, por lo que o bien en persona, o por los perfiles de los que dispone el PSPV-PSOE de Bu\u00f1ol  en las redes sociales de Tuenti y Facebook, estamos dispuestos a contestar cualquier tema que se nos traslade\u00bb, apostillan desde el Partido Socialista.<\/p>\n","protected":false},"excerpt":{"rendered":"<div class=\"mh-excerpt\">La Casa del Pueblo de Bu\u00f1ol ha acogido esta semana la primera reuni\u00f3n de la Comisi\u00f3n Ejecutiva Local (CEL) salida de la \u00faltima asamblea del PSPV-PSOE. Con esta cita, los socialistas inician una nueva etapa <a class=\"mh-excerpt-more\" href=\"https:\/\/www.tucomarca.com\/wordpress\/segunda\/el-psoe-de-bunol-inicia-una-nueva-etapa-con-una-renovada-comision-ejecutiva-local\/\" title=\"El PSOE de Bu\u00f1ol inicia una nueva etapa con una renovada Comisi\u00f3n Ejecutiva Local\">[+] <\/a><\/div>\n","protected":false},"author":2,"featured_media":0,"comment_status":"open","ping_status":"open","sticky":false,"template":"","format":"standard","meta":{"footnotes":""},"categories":[18,8,10,142,3],"tags":[32],"class_list":{"0":"post-6253","1":"post","2":"type-post","3":"status-publish","4":"format-standard","6":"category-bunol","7":"category-la-comarca","8":"category-la-hoya","9":"category-politica-la-comarca","10":"category-seccion","11":"tag-politica"},"_links":{"self":[{"href":"https:\/\/www.tucomarca.com\/wordpress\/segunda\/wp-json\/wp\/v2\/posts\/6253","targetHints":{"allow":["GET"]}}],"collection":[{"href":"https:\/\/www.tucomarca.com\/wordpress\/segunda\/wp-json\/wp\/v2\/posts"}],"about":[{"href":"https:\/\/www.tucomarca.com\/wordpress\/segunda\/wp-json\/wp\/v2\/types\/post"}],"author":[{"embeddable":true,"href":"https:\/\/www.tucomarca.com\/wordpress\/segunda\/wp-json\/wp\/v2\/users\/2"}],"replies":[{"embeddable":true,"href":"https:\/\/www.tucomarca.com\/wordpress\/segunda\/wp-json\/wp\/v2\/comments?post=6253"}],"version-history":[{"count":0,"href":"https:\/\/www.tucomarca.com\/wordpress\/segunda\/wp-json\/wp\/v2\/posts\/6253\/revisions"}],"wp:attachment":[{"href":"https:\/\/www.tucomarca.com\/wordpress\/segunda\/wp-json\/wp\/v2\/media?parent=6253"}],"wp:term":[{"taxonomy":"category","embeddable":true,"href":"https:\/\/www.tucomarca.com\/wordpress\/segunda\/wp-json\/wp\/v2\/categories?post=6253"},{"taxonomy":"post_tag","embeddable":true,"href":"https:\/\/www.tucomarca.com\/wordpress\/segunda\/wp-json\/wp\/v2\/tags?post=6253"}],"curies":[{"name":"wp","href":"https:\/\/api.w.org\/{rel}","templated":true}]}}