{"id":62549,"date":"2017-11-15T21:31:13","date_gmt":"2017-11-15T19:31:13","guid":{"rendered":"http:\/\/www.tucomarca.com\/wordpress\/segunda\/?p=62549"},"modified":"2017-11-15T21:31:13","modified_gmt":"2017-11-15T19:31:13","slug":"puig-rep-la-federacio-de-pilota-valenciana","status":"publish","type":"post","link":"https:\/\/www.tucomarca.com\/wordpress\/segunda\/puig-rep-la-federacio-de-pilota-valenciana\/","title":{"rendered":"Puig rep la Federaci\u00f3 de Pilota Valenciana"},"content":{"rendered":"<figure id=\"attachment_62550\" aria-describedby=\"caption-attachment-62550\" style=\"width: 2139px\" class=\"wp-caption alignleft\"><img loading=\"lazy\" decoding=\"async\" class=\"size-full wp-image-62550\" src=\"https:\/\/www.tucomarca.com\/wordpress\/segunda\/wp-content\/uploads\/2017\/11\/FedPelota.jpg\" alt=\"Un moment de la recepci\u00f3 a c\u00e0rrec del president de la Generalitat, Ximo Puig.\" width=\"2139\" height=\"1426\" srcset=\"https:\/\/www.tucomarca.com\/wordpress\/segunda\/wp-content\/uploads\/2017\/11\/FedPelota.jpg 2139w, https:\/\/www.tucomarca.com\/wordpress\/segunda\/wp-content\/uploads\/2017\/11\/FedPelota-300x200.jpg 300w, https:\/\/www.tucomarca.com\/wordpress\/segunda\/wp-content\/uploads\/2017\/11\/FedPelota-768x512.jpg 768w, https:\/\/www.tucomarca.com\/wordpress\/segunda\/wp-content\/uploads\/2017\/11\/FedPelota-1024x683.jpg 1024w\" sizes=\"auto, (max-width: 2139px) 100vw, 2139px\" \/><figcaption id=\"caption-attachment-62550\" class=\"wp-caption-text\">Un moment de la recepci\u00f3 a c\u00e0rrec del president de la Generalitat, Ximo Puig.<\/figcaption><\/figure>\n<p><span style=\"color: #4c4c4c;\"><span style=\"font-family: Arial, sans-serif;\"><span lang=\"es-ES\"><span style=\"color: #333333;\"><span lang=\"ca-ES\">El president de la Generalitat, Ximo Puig, ha\u00a0<\/span><\/span><\/span><\/span><\/span><span style=\"color: #4c4c4c;\"><span style=\"font-family: Arial, sans-serif;\"><span lang=\"es-ES\"><span style=\"color: #333333;\"><span lang=\"ca-ES\">rebut, al Palau de la Generalitat,\u00a0<\/span><\/span><\/span><\/span><\/span><span style=\"color: #4c4c4c;\"><span style=\"font-family: Arial, sans-serif;\"><span lang=\"es-ES\"><span style=\"color: #333333;\"><span lang=\"ca-ES\">membres, jugadors i jugadores de la Federaci\u00f3 de Pilota Valenciana. En l\u2019encontre tamb\u00e9 ha participat el conseller d\u2019Educaci\u00f3, Investigaci\u00f3, Cultura i Esport, Vicent Marz\u00e0.<\/span><\/span><\/span><\/span><\/span><\/p>\n","protected":false},"excerpt":{"rendered":"<div class=\"mh-excerpt\">El president de la Generalitat, Ximo Puig, ha\u00a0rebut, al Palau de la Generalitat,\u00a0membres, jugadors i jugadores de la Federaci\u00f3 de Pilota Valenciana. En l\u2019encontre tamb\u00e9 ha participat el conseller d\u2019Educaci\u00f3, Investigaci\u00f3, Cultura i Esport, Vicent <a class=\"mh-excerpt-more\" href=\"https:\/\/www.tucomarca.com\/wordpress\/segunda\/puig-rep-la-federacio-de-pilota-valenciana\/\" title=\"Puig rep la Federaci\u00f3 de Pilota Valenciana\">[+] <\/a><\/div>\n","protected":false},"author":1,"featured_media":62550,"comment_status":"open","ping_status":"open","sticky":false,"template":"","format":"standard","meta":{"footnotes":""},"categories":[6,14,10,199,3,45],"tags":[4097,10379,110],"class_list":{"0":"post-62549","1":"post","2":"type-post","3":"status-publish","4":"format-standard","5":"has-post-thumbnail","7":"category-deportes","8":"category-godelleta","9":"category-la-hoya","10":"category-polideportivo","11":"category-seccion","12":"category-ventana","13":"tag-area-de-deportes","14":"tag-deportes","15":"tag-pelota"},"_links":{"self":[{"href":"https:\/\/www.tucomarca.com\/wordpress\/segunda\/wp-json\/wp\/v2\/posts\/62549","targetHints":{"allow":["GET"]}}],"collection":[{"href":"https:\/\/www.tucomarca.com\/wordpress\/segunda\/wp-json\/wp\/v2\/posts"}],"about":[{"href":"https:\/\/www.tucomarca.com\/wordpress\/segunda\/wp-json\/wp\/v2\/types\/post"}],"author":[{"embeddable":true,"href":"https:\/\/www.tucomarca.com\/wordpress\/segunda\/wp-json\/wp\/v2\/users\/1"}],"replies":[{"embeddable":true,"href":"https:\/\/www.tucomarca.com\/wordpress\/segunda\/wp-json\/wp\/v2\/comments?post=62549"}],"version-history":[{"count":0,"href":"https:\/\/www.tucomarca.com\/wordpress\/segunda\/wp-json\/wp\/v2\/posts\/62549\/revisions"}],"wp:featuredmedia":[{"embeddable":true,"href":"https:\/\/www.tucomarca.com\/wordpress\/segunda\/wp-json\/wp\/v2\/media\/62550"}],"wp:attachment":[{"href":"https:\/\/www.tucomarca.com\/wordpress\/segunda\/wp-json\/wp\/v2\/media?parent=62549"}],"wp:term":[{"taxonomy":"category","embeddable":true,"href":"https:\/\/www.tucomarca.com\/wordpress\/segunda\/wp-json\/wp\/v2\/categories?post=62549"},{"taxonomy":"post_tag","embeddable":true,"href":"https:\/\/www.tucomarca.com\/wordpress\/segunda\/wp-json\/wp\/v2\/tags?post=62549"}],"curies":[{"name":"wp","href":"https:\/\/api.w.org\/{rel}","templated":true}]}}