{"id":62552,"date":"2017-11-16T00:25:07","date_gmt":"2017-11-15T22:25:07","guid":{"rendered":"http:\/\/www.tucomarca.com\/wordpress\/segunda\/?p=62552"},"modified":"2017-11-16T00:25:07","modified_gmt":"2017-11-15T22:25:07","slug":"aquila-dimite-como-entrenador-de-la-ud-yatova","status":"publish","type":"post","link":"https:\/\/www.tucomarca.com\/wordpress\/segunda\/aquila-dimite-como-entrenador-de-la-ud-yatova\/","title":{"rendered":"Aquila dimite como entrenador de la UD Y\u00e1tova"},"content":{"rendered":"<figure id=\"attachment_62554\" aria-describedby=\"caption-attachment-62554\" style=\"width: 597px\" class=\"wp-caption alignleft\"><img loading=\"lazy\" decoding=\"async\" class=\" wp-image-62554\" src=\"https:\/\/www.tucomarca.com\/wordpress\/segunda\/wp-content\/uploads\/2017\/11\/aquila.jpg\" alt=\"El hasta la fecha entredador de la UD Y\u00e1tova, el bu\u00f1olense Aquila. Foto: Ra\u00fal Miralles.\" width=\"597\" height=\"398\" srcset=\"https:\/\/www.tucomarca.com\/wordpress\/segunda\/wp-content\/uploads\/2017\/11\/aquila.jpg 945w, https:\/\/www.tucomarca.com\/wordpress\/segunda\/wp-content\/uploads\/2017\/11\/aquila-300x200.jpg 300w, https:\/\/www.tucomarca.com\/wordpress\/segunda\/wp-content\/uploads\/2017\/11\/aquila-768x512.jpg 768w\" sizes=\"auto, (max-width: 597px) 100vw, 597px\" \/><figcaption id=\"caption-attachment-62554\" class=\"wp-caption-text\">El hasta la fecha entredador de la UD Y\u00e1tova, el bu\u00f1olense Aquila. Foto: Ra\u00fal Miralles.<\/figcaption><\/figure>\n<p>El hasta la fecha entrenador de la Uni\u00f3n Deportiva Y\u00e1tova, el bu\u00f1olense Aquila, ha presentado su dimisi\u00f3n como t\u00e9cnico del primer equipo, tal como ha podido saber en exclusiva\u00a0<strong>tucomarca.com<\/strong>.<\/p>\n<p>La Uni\u00f3n Deportiva\u00a0Y\u00e1tova estaba pasando por un momento deportivo duro, ya que comenz\u00f3 la temporada bastante bien, pero en los \u00faltimos encuentros estaba bajando el nivel de juego y tampoco los resultados estaban llegando de forma positiva.<\/p>\n<p>Desde hac\u00eda unos encuentros, Aquila ha mantenido\u00a0varias reuniones con V\u00edctor Perell\u00f3, el presidente de la entidad yatovera, ya que el t\u00e9cnico fue apuesta personal suya y debido a \u00ablos \u00faltimos resultados deportivos\u00bb as\u00ed como\u00a0que no \u00abcompart\u00eda el cien por cien de opiniones con alguna parte del vestuario\u00bb, la decisi\u00f3n del m\u00edster ha sido la de irse cuando mejor ha entendido que deb\u00eda hacerlo para no tomarla\u00a0en momentos peores y salir por la puerta de atr\u00e1s.<\/p>\n<p>Recordamos que Aquila deja al Y\u00e1tova, que actualmente milita en Primera Regional, clasificado en el puesto d\u00e9cimo primero con 9 puntos tras un bagage de dos\u00a0victorias, tres\u00a0empates y cuatro\u00a0derrotas esta actual temporada.<\/p>\n<p>Aquila nos ha transmitido su mensaje de \u00abdesearle lo mejor al club y agradecer al presidente la confianza depositada\u00bb.\u00a0Desde <strong>tucomarca.com<\/strong>\u00a0le deseamos futura suerte a ambas partes. Informa, <strong>Ra\u00fal Miralles Lacalle<\/strong> ( @raulmks ).<\/p>\n","protected":false},"excerpt":{"rendered":"<div class=\"mh-excerpt\">El hasta la fecha entrenador de la Uni\u00f3n Deportiva Y\u00e1tova, el bu\u00f1olense Aquila, ha presentado su dimisi\u00f3n como t\u00e9cnico del primer equipo, tal como ha podido saber en exclusiva\u00a0tucomarca.com. La Uni\u00f3n Deportiva\u00a0Y\u00e1tova estaba pasando por <a class=\"mh-excerpt-more\" href=\"https:\/\/www.tucomarca.com\/wordpress\/segunda\/aquila-dimite-como-entrenador-de-la-ud-yatova\/\" title=\"Aquila dimite como entrenador de la UD Y\u00e1tova\">[+] <\/a><\/div>\n","protected":false},"author":1,"featured_media":62554,"comment_status":"open","ping_status":"open","sticky":false,"template":"","format":"standard","meta":{"footnotes":""},"categories":[50,6,10,45,11],"tags":[10379,44,5952,995,10380],"class_list":{"0":"post-62552","1":"post","2":"type-post","3":"status-publish","4":"format-standard","5":"has-post-thumbnail","7":"category-futbol-deportes","8":"category-deportes","9":"category-la-hoya","10":"category-ventana","11":"category-yatova","12":"tag-deportes","13":"tag-futbol","14":"tag-la-hoya-de-bunol-chiva","15":"tag-ud-yatova","16":"tag-yatova"},"_links":{"self":[{"href":"https:\/\/www.tucomarca.com\/wordpress\/segunda\/wp-json\/wp\/v2\/posts\/62552","targetHints":{"allow":["GET"]}}],"collection":[{"href":"https:\/\/www.tucomarca.com\/wordpress\/segunda\/wp-json\/wp\/v2\/posts"}],"about":[{"href":"https:\/\/www.tucomarca.com\/wordpress\/segunda\/wp-json\/wp\/v2\/types\/post"}],"author":[{"embeddable":true,"href":"https:\/\/www.tucomarca.com\/wordpress\/segunda\/wp-json\/wp\/v2\/users\/1"}],"replies":[{"embeddable":true,"href":"https:\/\/www.tucomarca.com\/wordpress\/segunda\/wp-json\/wp\/v2\/comments?post=62552"}],"version-history":[{"count":0,"href":"https:\/\/www.tucomarca.com\/wordpress\/segunda\/wp-json\/wp\/v2\/posts\/62552\/revisions"}],"wp:featuredmedia":[{"embeddable":true,"href":"https:\/\/www.tucomarca.com\/wordpress\/segunda\/wp-json\/wp\/v2\/media\/62554"}],"wp:attachment":[{"href":"https:\/\/www.tucomarca.com\/wordpress\/segunda\/wp-json\/wp\/v2\/media?parent=62552"}],"wp:term":[{"taxonomy":"category","embeddable":true,"href":"https:\/\/www.tucomarca.com\/wordpress\/segunda\/wp-json\/wp\/v2\/categories?post=62552"},{"taxonomy":"post_tag","embeddable":true,"href":"https:\/\/www.tucomarca.com\/wordpress\/segunda\/wp-json\/wp\/v2\/tags?post=62552"}],"curies":[{"name":"wp","href":"https:\/\/api.w.org\/{rel}","templated":true}]}}