{"id":62651,"date":"2017-11-28T11:36:08","date_gmt":"2017-11-28T09:36:08","guid":{"rendered":"http:\/\/www.tucomarca.com\/wordpress\/segunda\/?p=62651"},"modified":"2017-11-28T11:36:08","modified_gmt":"2017-11-28T09:36:08","slug":"el-musico-del-cim-santa-cecilia-de-yatova-ruben-garcia-gana-la-plaza-de-trompa-co-solista-en-la-orquesta-de-marsella","status":"publish","type":"post","link":"https:\/\/www.tucomarca.com\/wordpress\/segunda\/el-musico-del-cim-santa-cecilia-de-yatova-ruben-garcia-gana-la-plaza-de-trompa-co-solista-en-la-orquesta-de-marsella\/","title":{"rendered":"El m\u00fasico del CIM \u00abSanta Cecilia\u00bb de Y\u00e1tova, Rub\u00e9n Garc\u00eda, gana la plaza de trompa co-solista en la Orquesta de Marsella"},"content":{"rendered":"<figure id=\"attachment_62951\" aria-describedby=\"caption-attachment-62951\" style=\"width: 379px\" class=\"wp-caption alignleft\"><img loading=\"lazy\" decoding=\"async\" class=\" wp-image-62951\" src=\"https:\/\/www.tucomarca.com\/wordpress\/segunda\/wp-content\/uploads\/2017\/11\/rubengarcia.jpg\" alt=\"Rub\u00e9n Garc\u00eda se ha formado en la \u00abSanta Cecilia\u00bb de Y\u00e1tova.\" width=\"379\" height=\"484\" srcset=\"https:\/\/www.tucomarca.com\/wordpress\/segunda\/wp-content\/uploads\/2017\/11\/rubengarcia.jpg 500w, https:\/\/www.tucomarca.com\/wordpress\/segunda\/wp-content\/uploads\/2017\/11\/rubengarcia-235x300.jpg 235w\" sizes=\"auto, (max-width: 379px) 100vw, 379px\" \/><figcaption id=\"caption-attachment-62951\" class=\"wp-caption-text\">Rub\u00e9n Garc\u00eda se ha formado en la \u00abSanta Cecilia\u00bb de Y\u00e1tova.<\/figcaption><\/figure>\n<p>Tal como adelant\u00f3 <strong>tucomarca.com<\/strong> en su edici\u00f3n en papel, el m\u00fasico formado en el seno del Centro Instructivo Musical \u00abSanta Cecilia\u00bb de Y\u00e1tova, Rub\u00e9n Garc\u00eda Dom\u00e9nech, es desde el\u00a013 de noviembre Trompa Co-solista de la Orquesta Filarm\u00f3nica de la \u00d3pera de Marsella.<\/p>\n<p>El joven formado en la Escuela de M\u00fasica de la \u00abSanta Cecilia\u00bb y posteriormente en el conservatorio de San Rafael de manos de Javier Dom\u00e9nech Esteve, ha seguido sus estudios en Arag\u00f3n y Francia con los mejores profesionales de este instrumento y ha sido el ejemplo para sus compa\u00f1eros de que hay que luchar por los sue\u00f1os porque con esfuerzo se cumplen.<\/p>\n","protected":false},"excerpt":{"rendered":"<div class=\"mh-excerpt\">Tal como adelant\u00f3 tucomarca.com en su edici\u00f3n en papel, el m\u00fasico formado en el seno del Centro Instructivo Musical \u00abSanta Cecilia\u00bb de Y\u00e1tova, Rub\u00e9n Garc\u00eda Dom\u00e9nech, es desde el\u00a013 de noviembre Trompa Co-solista de la <a class=\"mh-excerpt-more\" href=\"https:\/\/www.tucomarca.com\/wordpress\/segunda\/el-musico-del-cim-santa-cecilia-de-yatova-ruben-garcia-gana-la-plaza-de-trompa-co-solista-en-la-orquesta-de-marsella\/\" title=\"El m\u00fasico del CIM \u00abSanta Cecilia\u00bb de Y\u00e1tova, Rub\u00e9n Garc\u00eda, gana la plaza de trompa co-solista en la Orquesta de Marsella\">[+] <\/a><\/div>\n","protected":false},"author":1,"featured_media":62951,"comment_status":"open","ping_status":"open","sticky":false,"template":"","format":"standard","meta":{"footnotes":""},"categories":[66,72,10,7,3,11],"tags":[5952,10380],"class_list":{"0":"post-62651","1":"post","2":"type-post","3":"status-publish","4":"format-standard","5":"has-post-thumbnail","7":"category-musica","8":"category-sin-categorizar","9":"category-la-hoya","10":"category-ocio-y-cultura","11":"category-seccion","12":"category-yatova","13":"tag-la-hoya-de-bunol-chiva","14":"tag-yatova"},"_links":{"self":[{"href":"https:\/\/www.tucomarca.com\/wordpress\/segunda\/wp-json\/wp\/v2\/posts\/62651","targetHints":{"allow":["GET"]}}],"collection":[{"href":"https:\/\/www.tucomarca.com\/wordpress\/segunda\/wp-json\/wp\/v2\/posts"}],"about":[{"href":"https:\/\/www.tucomarca.com\/wordpress\/segunda\/wp-json\/wp\/v2\/types\/post"}],"author":[{"embeddable":true,"href":"https:\/\/www.tucomarca.com\/wordpress\/segunda\/wp-json\/wp\/v2\/users\/1"}],"replies":[{"embeddable":true,"href":"https:\/\/www.tucomarca.com\/wordpress\/segunda\/wp-json\/wp\/v2\/comments?post=62651"}],"version-history":[{"count":0,"href":"https:\/\/www.tucomarca.com\/wordpress\/segunda\/wp-json\/wp\/v2\/posts\/62651\/revisions"}],"wp:featuredmedia":[{"embeddable":true,"href":"https:\/\/www.tucomarca.com\/wordpress\/segunda\/wp-json\/wp\/v2\/media\/62951"}],"wp:attachment":[{"href":"https:\/\/www.tucomarca.com\/wordpress\/segunda\/wp-json\/wp\/v2\/media?parent=62651"}],"wp:term":[{"taxonomy":"category","embeddable":true,"href":"https:\/\/www.tucomarca.com\/wordpress\/segunda\/wp-json\/wp\/v2\/categories?post=62651"},{"taxonomy":"post_tag","embeddable":true,"href":"https:\/\/www.tucomarca.com\/wordpress\/segunda\/wp-json\/wp\/v2\/tags?post=62651"}],"curies":[{"name":"wp","href":"https:\/\/api.w.org\/{rel}","templated":true}]}}