{"id":62817,"date":"2017-11-24T23:58:50","date_gmt":"2017-11-24T21:58:50","guid":{"rendered":"http:\/\/www.tucomarca.com\/wordpress\/segunda\/?p=62817"},"modified":"2017-11-24T23:58:50","modified_gmt":"2017-11-24T21:58:50","slug":"el-chiva-cf-recibe-al-monte-sion-el-turis-al-historics-y-la-ud-yatova-al-paterna-b","status":"publish","type":"post","link":"https:\/\/www.tucomarca.com\/wordpress\/segunda\/el-chiva-cf-recibe-al-monte-sion-el-turis-al-historics-y-la-ud-yatova-al-paterna-b\/","title":{"rendered":"El Chiva CF recibe al Monte Si\u00f3n; el Tur\u00eds al Hist\u00f2rics y la UD Y\u00e1tova al Paterna B"},"content":{"rendered":"<figure id=\"attachment_62842\" aria-describedby=\"caption-attachment-62842\" style=\"width: 886px\" class=\"wp-caption alignleft\"><img loading=\"lazy\" decoding=\"async\" class=\"size-full wp-image-62842\" src=\"https:\/\/www.tucomarca.com\/wordpress\/segunda\/wp-content\/uploads\/2017\/11\/UDyatova01.jpg\" alt=\"El Y\u00e1tova y el Godelleta ofrecen el derbi comarcal de este fin de semana. Foto: Ra\u00fal Miralles.\" width=\"886\" height=\"591\" srcset=\"https:\/\/www.tucomarca.com\/wordpress\/segunda\/wp-content\/uploads\/2017\/11\/UDyatova01.jpg 886w, https:\/\/www.tucomarca.com\/wordpress\/segunda\/wp-content\/uploads\/2017\/11\/UDyatova01-300x200.jpg 300w, https:\/\/www.tucomarca.com\/wordpress\/segunda\/wp-content\/uploads\/2017\/11\/UDyatova01-768x512.jpg 768w\" sizes=\"auto, (max-width: 886px) 100vw, 886px\" \/><figcaption id=\"caption-attachment-62842\" class=\"wp-caption-text\">El Y\u00e1tova se mide\u00a0este fin de semana al Paterna B. Foto: Ra\u00fal Miralles.<\/figcaption><\/figure>\n<p>El Chiva CF recibir\u00e1 a las 17,00 horas al Monte Si\u00f3n, ambos vienen de anotar 4 goles, pero los de La Hoya por 0-4 y el Si\u00f3n por la m\u00ednima, 4-3, por lo que el factor cancha deber\u00e1 servir junto al juego a los de Vicente para sumar 3 puntos; a pesar de que la clasificaci\u00f3n digan que son cuartos y d\u00e9cimosegundos, separados por 13 puntos.<\/p>\n<p>El CD\u2008Tur\u00eds a las 18,45 del s\u00e1bado recibir\u00e1 al Hist\u00f2rics, ambos vienen de perder su \u00faltimo partido, s\u00e9xto y d\u00e9cimo primero, por lo que si a\u00f1adimos factor cancha, los locales tienen las de ganar. Ya el domingo, la UD\u2008Y\u00e1tova jugar\u00e1 a domicilio para enfrentarse al Paterna B, los de La Hoya fueron los \u00fanicos que la \u00faltima y reci\u00e9n jornada disputada ganaron y puntuaron, se enfrentan el d\u00e9cimo quinto frente al noveno.<\/p>\n<p>Por \u00faltimo el CD Cheste se enfrentar\u00e1 al Casas a domicilio, domingo a las 16,00 horas, partido que cerrar\u00e1 la jornada. Ambos perdieron el \u00faltima partido y aunque son 5\u00ba y 7\u00ba est\u00e1n empatados a puntos, por lo que los chestanos deber\u00e1n jugar mucho y dejarse la piel en el verde para continuar la diferencia de plazas en la tabla. Informa, <strong>Ra\u00fal Miralles Lacalle<\/strong>\u00a0@raulmks<\/p>\n","protected":false},"excerpt":{"rendered":"<div class=\"mh-excerpt\">El Chiva CF recibir\u00e1 a las 17,00 horas al Monte Si\u00f3n, ambos vienen de anotar 4 goles, pero los de La Hoya por 0-4 y el Si\u00f3n por la m\u00ednima, 4-3, por lo que el <a class=\"mh-excerpt-more\" href=\"https:\/\/www.tucomarca.com\/wordpress\/segunda\/el-chiva-cf-recibe-al-monte-sion-el-turis-al-historics-y-la-ud-yatova-al-paterna-b\/\" title=\"El Chiva CF recibe al Monte Si\u00f3n; el Tur\u00eds al Hist\u00f2rics y la UD Y\u00e1tova al Paterna B\">[+] <\/a><\/div>\n","protected":false},"author":1,"featured_media":62842,"comment_status":"open","ping_status":"open","sticky":false,"template":"","format":"standard","meta":{"footnotes":""},"categories":[50,17,16,6,72,10,42,3,43,45,11],"tags":[469,5009,395,5952,3640,995],"class_list":{"0":"post-62817","1":"post","2":"type-post","3":"status-publish","4":"format-standard","5":"has-post-thumbnail","7":"category-futbol-deportes","8":"category-cheste","9":"category-chiva","10":"category-deportes","11":"category-sin-categorizar","12":"category-la-hoya","13":"category-la-ribera","14":"category-seccion","15":"category-turis","16":"category-ventana","17":"category-yatova","18":"tag-cd-cheste","19":"tag-cd-turis","20":"tag-chiva-cf","21":"tag-la-hoya-de-bunol-chiva","22":"tag-la-ribera-alta","23":"tag-ud-yatova"},"_links":{"self":[{"href":"https:\/\/www.tucomarca.com\/wordpress\/segunda\/wp-json\/wp\/v2\/posts\/62817","targetHints":{"allow":["GET"]}}],"collection":[{"href":"https:\/\/www.tucomarca.com\/wordpress\/segunda\/wp-json\/wp\/v2\/posts"}],"about":[{"href":"https:\/\/www.tucomarca.com\/wordpress\/segunda\/wp-json\/wp\/v2\/types\/post"}],"author":[{"embeddable":true,"href":"https:\/\/www.tucomarca.com\/wordpress\/segunda\/wp-json\/wp\/v2\/users\/1"}],"replies":[{"embeddable":true,"href":"https:\/\/www.tucomarca.com\/wordpress\/segunda\/wp-json\/wp\/v2\/comments?post=62817"}],"version-history":[{"count":0,"href":"https:\/\/www.tucomarca.com\/wordpress\/segunda\/wp-json\/wp\/v2\/posts\/62817\/revisions"}],"wp:featuredmedia":[{"embeddable":true,"href":"https:\/\/www.tucomarca.com\/wordpress\/segunda\/wp-json\/wp\/v2\/media\/62842"}],"wp:attachment":[{"href":"https:\/\/www.tucomarca.com\/wordpress\/segunda\/wp-json\/wp\/v2\/media?parent=62817"}],"wp:term":[{"taxonomy":"category","embeddable":true,"href":"https:\/\/www.tucomarca.com\/wordpress\/segunda\/wp-json\/wp\/v2\/categories?post=62817"},{"taxonomy":"post_tag","embeddable":true,"href":"https:\/\/www.tucomarca.com\/wordpress\/segunda\/wp-json\/wp\/v2\/tags?post=62817"}],"curies":[{"name":"wp","href":"https:\/\/api.w.org\/{rel}","templated":true}]}}