{"id":62851,"date":"2017-11-25T13:04:04","date_gmt":"2017-11-25T11:04:04","guid":{"rendered":"http:\/\/www.tucomarca.com\/wordpress\/segunda\/?p=62851"},"modified":"2017-11-25T13:04:04","modified_gmt":"2017-11-25T11:04:04","slug":"cim-la-armonica-de-bunol-celebra-sus-actos-en-honor-a-santa-cecilia","status":"publish","type":"post","link":"https:\/\/www.tucomarca.com\/wordpress\/segunda\/cim-la-armonica-de-bunol-celebra-sus-actos-en-honor-a-santa-cecilia\/","title":{"rendered":"CIM \u00abLa Arm\u00f3nica\u00bb de Bu\u00f1ol celebra sus actos en honor a Santa Cecilia"},"content":{"rendered":"<figure id=\"attachment_62852\" aria-describedby=\"caption-attachment-62852\" style=\"width: 368px\" class=\"wp-caption alignleft\"><img loading=\"lazy\" decoding=\"async\" class=\" wp-image-62852\" src=\"https:\/\/www.tucomarca.com\/wordpress\/segunda\/wp-content\/uploads\/2017\/11\/litro.jpg\" alt=\"Actividades en la Semana en honor a Santa Cecicilia.\" width=\"368\" height=\"506\" srcset=\"https:\/\/www.tucomarca.com\/wordpress\/segunda\/wp-content\/uploads\/2017\/11\/litro.jpg 698w, https:\/\/www.tucomarca.com\/wordpress\/segunda\/wp-content\/uploads\/2017\/11\/litro-218x300.jpg 218w\" sizes=\"auto, (max-width: 368px) 100vw, 368px\" \/><figcaption id=\"caption-attachment-62852\" class=\"wp-caption-text\"><em>Actividades en la Semana en honor a Santa Cecicilia.<\/em><\/figcaption><\/figure>\n<p>El CIM \u00abLa Arm\u00f3nica\u00bb de Bu\u00f1ol celebra sus actos en honor a la patrona de la m\u00fasica con los conciertos programados para este s\u00e1bado 25 de noviembre a las 19,30 horas con la actuaci\u00f3n de la Orquesta y la Banda Juvenil; as\u00ed como el pr\u00f3ximo s\u00e1bado, 2 de diciembre, a las 19,00 horas con el concierto a cargo de su Banda Sinf\u00f3nica en un acto en el que que se recibir\u00e1 a los 17 nuevos componentes que se integrar\u00e1n en la Banda Sinf\u00f3nica y en la Orquesta.<\/p>\n","protected":false},"excerpt":{"rendered":"<div class=\"mh-excerpt\">El CIM \u00abLa Arm\u00f3nica\u00bb de Bu\u00f1ol celebra sus actos en honor a la patrona de la m\u00fasica con los conciertos programados para este s\u00e1bado 25 de noviembre a las 19,30 horas con la actuaci\u00f3n de <a class=\"mh-excerpt-more\" href=\"https:\/\/www.tucomarca.com\/wordpress\/segunda\/cim-la-armonica-de-bunol-celebra-sus-actos-en-honor-a-santa-cecilia\/\" title=\"CIM \u00abLa Arm\u00f3nica\u00bb de Bu\u00f1ol celebra sus actos en honor a Santa Cecilia\">[+] <\/a><\/div>\n","protected":false},"author":2,"featured_media":62852,"comment_status":"open","ping_status":"open","sticky":false,"template":"","format":"standard","meta":{"footnotes":""},"categories":[4,18,66,10,7,3],"tags":[10563,5952],"class_list":{"0":"post-62851","1":"post","2":"type-post","3":"status-publish","4":"format-standard","5":"has-post-thumbnail","7":"category-agenda","8":"category-bunol","9":"category-musica","10":"category-la-hoya","11":"category-ocio-y-cultura","12":"category-seccion","13":"tag-cim-la-armonica-de-bunol","14":"tag-la-hoya-de-bunol-chiva"},"_links":{"self":[{"href":"https:\/\/www.tucomarca.com\/wordpress\/segunda\/wp-json\/wp\/v2\/posts\/62851","targetHints":{"allow":["GET"]}}],"collection":[{"href":"https:\/\/www.tucomarca.com\/wordpress\/segunda\/wp-json\/wp\/v2\/posts"}],"about":[{"href":"https:\/\/www.tucomarca.com\/wordpress\/segunda\/wp-json\/wp\/v2\/types\/post"}],"author":[{"embeddable":true,"href":"https:\/\/www.tucomarca.com\/wordpress\/segunda\/wp-json\/wp\/v2\/users\/2"}],"replies":[{"embeddable":true,"href":"https:\/\/www.tucomarca.com\/wordpress\/segunda\/wp-json\/wp\/v2\/comments?post=62851"}],"version-history":[{"count":0,"href":"https:\/\/www.tucomarca.com\/wordpress\/segunda\/wp-json\/wp\/v2\/posts\/62851\/revisions"}],"wp:featuredmedia":[{"embeddable":true,"href":"https:\/\/www.tucomarca.com\/wordpress\/segunda\/wp-json\/wp\/v2\/media\/62852"}],"wp:attachment":[{"href":"https:\/\/www.tucomarca.com\/wordpress\/segunda\/wp-json\/wp\/v2\/media?parent=62851"}],"wp:term":[{"taxonomy":"category","embeddable":true,"href":"https:\/\/www.tucomarca.com\/wordpress\/segunda\/wp-json\/wp\/v2\/categories?post=62851"},{"taxonomy":"post_tag","embeddable":true,"href":"https:\/\/www.tucomarca.com\/wordpress\/segunda\/wp-json\/wp\/v2\/tags?post=62851"}],"curies":[{"name":"wp","href":"https:\/\/api.w.org\/{rel}","templated":true}]}}