{"id":6294,"date":"2012-08-09T14:57:29","date_gmt":"2012-08-09T12:57:29","guid":{"rendered":"http:\/\/www.tucomarca.com\/wordpress\/segunda\/?p=6294"},"modified":"2012-08-09T14:57:29","modified_gmt":"2012-08-09T12:57:29","slug":"la-generalitat-pide-a-los-ciudadanos-que-extremen-las-precauciones-durante-la-ola-de-calor","status":"publish","type":"post","link":"https:\/\/www.tucomarca.com\/wordpress\/segunda\/la-generalitat-pide-a-los-ciudadanos-que-extremen-las-precauciones-durante-la-ola-de-calor\/","title":{"rendered":"La Generalitat pide a los ciudadanos que extremen las precauciones durante la ola de calor"},"content":{"rendered":"<p>\u00abDesde la Generalitat pedimos a todos los ciudadanos que extremen las precauciones para evitar que durante la ola de calor que afectar\u00e1 estos d\u00edas a la Comunitat Valenciana se produzcan incendios forestales causados por negligencias o descuidos de los ciudadanos\u00bb, ha resaltado la directora general de Prevenci\u00f3n, Extinci\u00f3n de Incendios y Emergencias, Irene Rodr\u00edguez.<br \/>\nRodr\u00edguez ha recordado que para hoy y ma\u00f1ana se ha decretado Nivel 3 de Preemergencia por riesgo de incendios y ha explicado que, respecto a las actividades de ocio en las \u00e1reas recreativas, existe prohibici\u00f3n en el uso del fuego incluso en los lugares preparados y autorizados dentro de las instalaciones recreativas forestales al estar decretada la Preemergencia por riesgo m\u00e1ximo de incendios forestales en el interior de la provincia de Castell\u00f3n, interior de la provincia de Valencia e interior norte y litoral norte de la provincia de Alicante.<br \/>\nCabe recordar, que las unidades de prevenci\u00f3n de incendios, los agentes medioambientales y los agentes de la Polic\u00eda de la Generalitat realizan rutas de vigilancia preventiva en los parajes de mayor valor ecol\u00f3gico y supervisan que se hace un buen uso de las zonas recreativas por parte de los ciudadanos.<br \/>\nAdem\u00e1s, tampoco esta permitido realizar quemas en el monte y a 500 metros de masa forestal. Concretamente, se proh\u00edbe la quema de m\u00e1rgenes de cultivos o de restos agr\u00edcolas o forestales, la quema de ca\u00f1ares, carrizales o matorrales ligadas a alg\u00fan tipo de aprovechamiento ganadero, cineg\u00e9tico o de cualquier otro tipo, as\u00ed como operaciones de destilaci\u00f3n de plantas arom\u00e1ticas.<br \/>\nLa directora general ha recordado que el esp\u00edritu de la Ley de Emergencias, en vigor desde 2010, es \u00abtolerancia cero con quien cause un incendio\u00bb. Esta Ley contempla que quien cause un incendio como consecuencia de una negligencia o de manera intencionada, se haga cargo de los costes de extinci\u00f3n.<br \/>\nEn este sentido, Irene Rodr\u00edguez ha destacado el esfuerzo de todos los profesionales de prevenci\u00f3n y extinci\u00f3n de incendios que permanecen en alerta para evitar y mitigar cualquier incendio forestal que se pueda producir en la Comunitat vigilando d\u00eda y noche los montes de la Comunitat.<br \/>\nRodr\u00edguez ha insistido en que los ciudadanos deben concienciarse \u00abde la importancia de preservar los espacios naturales y hacer un uso responsable de estos parajes para hacer compatible el derecho al ocio con el respeto al medio ambiente, ya que el cuidado de los montes y la prevenci\u00f3n de los incendios forestales es responsabilidad de todos\u00bb.<br \/>\nPor \u00faltimo, la directora general ha insistido en que en la lucha contra los incendios \u00abtodos podemos aportar nuestro grano de arena. El primer paso es cumplir la normativa, hacer un uso responsable de las zonas forestales y en caso de detectar un incendio, llamar al tel\u00e9fono de emergencias 112. Un peque\u00f1o gesto puede salvar el monte de las llamas\u00bb. <\/p>\n","protected":false},"excerpt":{"rendered":"<div class=\"mh-excerpt\">\u00abDesde la Generalitat pedimos a todos los ciudadanos que extremen las precauciones para evitar que durante la ola de calor que afectar\u00e1 estos d\u00edas a la Comunitat Valenciana se produzcan incendios forestales causados por negligencias <a class=\"mh-excerpt-more\" href=\"https:\/\/www.tucomarca.com\/wordpress\/segunda\/la-generalitat-pide-a-los-ciudadanos-que-extremen-las-precauciones-durante-la-ola-de-calor\/\" title=\"La Generalitat pide a los ciudadanos que extremen las precauciones durante la ola de calor\">[+] <\/a><\/div>\n","protected":false},"author":2,"featured_media":0,"comment_status":"open","ping_status":"open","sticky":false,"template":"","format":"standard","meta":{"footnotes":""},"categories":[8,72,142,27,3],"tags":[389],"class_list":{"0":"post-6294","1":"post","2":"type-post","3":"status-publish","4":"format-standard","6":"category-la-comarca","7":"category-sin-categorizar","8":"category-politica-la-comarca","9":"category-requena-utiel","10":"category-seccion","11":"tag-ola-de-calor"},"_links":{"self":[{"href":"https:\/\/www.tucomarca.com\/wordpress\/segunda\/wp-json\/wp\/v2\/posts\/6294","targetHints":{"allow":["GET"]}}],"collection":[{"href":"https:\/\/www.tucomarca.com\/wordpress\/segunda\/wp-json\/wp\/v2\/posts"}],"about":[{"href":"https:\/\/www.tucomarca.com\/wordpress\/segunda\/wp-json\/wp\/v2\/types\/post"}],"author":[{"embeddable":true,"href":"https:\/\/www.tucomarca.com\/wordpress\/segunda\/wp-json\/wp\/v2\/users\/2"}],"replies":[{"embeddable":true,"href":"https:\/\/www.tucomarca.com\/wordpress\/segunda\/wp-json\/wp\/v2\/comments?post=6294"}],"version-history":[{"count":0,"href":"https:\/\/www.tucomarca.com\/wordpress\/segunda\/wp-json\/wp\/v2\/posts\/6294\/revisions"}],"wp:attachment":[{"href":"https:\/\/www.tucomarca.com\/wordpress\/segunda\/wp-json\/wp\/v2\/media?parent=6294"}],"wp:term":[{"taxonomy":"category","embeddable":true,"href":"https:\/\/www.tucomarca.com\/wordpress\/segunda\/wp-json\/wp\/v2\/categories?post=6294"},{"taxonomy":"post_tag","embeddable":true,"href":"https:\/\/www.tucomarca.com\/wordpress\/segunda\/wp-json\/wp\/v2\/tags?post=6294"}],"curies":[{"name":"wp","href":"https:\/\/api.w.org\/{rel}","templated":true}]}}