{"id":62998,"date":"2017-11-30T03:46:28","date_gmt":"2017-11-30T01:46:28","guid":{"rendered":"http:\/\/www.tucomarca.com\/wordpress\/segunda\/?p=62998"},"modified":"2017-11-30T03:46:28","modified_gmt":"2017-11-30T01:46:28","slug":"el-ayuntamiento-de-bunol-organiza-una-charla-formativa-sobre-el-alzheimer-en-la-sala-raga","status":"publish","type":"post","link":"https:\/\/www.tucomarca.com\/wordpress\/segunda\/el-ayuntamiento-de-bunol-organiza-una-charla-formativa-sobre-el-alzheimer-en-la-sala-raga\/","title":{"rendered":"El Ayuntamiento de Bu\u00f1ol organiza una charla formativa sobre el Alzheimer en la Sala Raga"},"content":{"rendered":"<figure id=\"attachment_63000\" aria-describedby=\"caption-attachment-63000\" style=\"width: 467px\" class=\"wp-caption alignleft\"><img loading=\"lazy\" decoding=\"async\" class=\" wp-image-63000\" src=\"https:\/\/www.tucomarca.com\/wordpress\/segunda\/wp-content\/uploads\/2017\/11\/CharlaAlzheimer.jpg\" alt=\"La Concejal\u00eda de Bienestar Social del Ayuntamiento de Bu\u00f1ol ha organizado esta charla para el pr\u00f3ximo lunes 4 de diciembre en la Sala Raga del Molino Gal\u00e1n a las 18.30 h.\" width=\"467\" height=\"661\" srcset=\"https:\/\/www.tucomarca.com\/wordpress\/segunda\/wp-content\/uploads\/2017\/11\/CharlaAlzheimer.jpg 510w, https:\/\/www.tucomarca.com\/wordpress\/segunda\/wp-content\/uploads\/2017\/11\/CharlaAlzheimer-212x300.jpg 212w\" sizes=\"auto, (max-width: 467px) 100vw, 467px\" \/><figcaption id=\"caption-attachment-63000\" class=\"wp-caption-text\"><em>La Concejal\u00eda de Bienestar Social del Ayuntamiento de Bu\u00f1ol ha organizado esta charla para el pr\u00f3ximo lunes 4 de diciembre en la Sala Raga del Molino Gal\u00e1n a las 18.30 h.<\/em><\/figcaption><\/figure>\n<p><strong>La charla tendr\u00e1 lugar el pr\u00f3ximo lunes. La Confederaci\u00f3n Espa\u00f1ola de Asociaciones de Familiares de Personas con Alzheimer y otras demencias (CEAFA), junto con el Ministerio de Sanidad, Servicios Sociales e Igualdad, organizan junto con los Ayuntamientos, esta charla que pretende poner en valor los intereses, necesidades y derechos de todas las personas que conviven con esta enfermedad<\/strong><\/p>\n<p>La Concejal\u00eda de Bienestar Social del Ayuntamiento de Bu\u00f1ol ha organizado para este pr\u00f3ximo lunes 4 de diciembre una charla llamada \u201cFormaci\u00f3n sobre la enfermedad de Alzheimer en zonas rurales\u201d. Tendr\u00e1 lugar en la Sala Raga del Molino Gal\u00e1n a las 18.30h. Est\u00e1 destinada a enfermos, cuidadores y profesionales.<\/p>\n<p>Raquel Orejudo Ceballos, psic\u00f3loga, ser\u00e1 la encargada de impartir esta charla. La Confederaci\u00f3n Espa\u00f1ola de Asociaciones de Familiares de Personas con Alzheimer y otras demencias (CEAFA) organiza este tipo de charlas con el objetivo de buscar el compromiso social, poniendo en valor el conocimiento para poder representar y defender los intereses, necesidades y derechos de todas las personas que conviven con el Alzheimer.<\/p>\n<p>Desde esta confederaci\u00f3n pretenden ser un referente formativo de los cuidadores, de los profesionales que los atienden, del sector sanitario y del resto de colectivos, y as\u00ed contribuir a la mejora en la educaci\u00f3n y la formaci\u00f3n de la sociedad en materias relacionadas con el abordaje integral de la enfermedad. Esta formaci\u00f3n est\u00e1 subvencionada por el Ministerio de Sanidad, Servicios Sociales e Igualdad.<\/p>\n<p>Carles Xerri, concejal de Bienestar Social del Ayuntamiento de Bu\u00f1ol, ha confirmado la organizaci\u00f3n de este evento informativo, \u201cporque entendemos que tanto esta enfermedad como el resto de demencias preocupan a la poblaci\u00f3n y a los cuidadores, por lo que el consistorio no puede quedarse al margen, contribuyendo y facilitando a todos los colectivos implicados el conocimiento a trav\u00e9s de este tipo de charlas de estas enfermedades a fin de mejorar su calidad de vida y la de los que les rodean\u201d.<\/p>\n<p>De modo que, el edil bu\u00f1olense ha confirmado que esta charla est\u00e1 enfocada a todos los que sufren, padecen o viven esta enfermedad desde diversos puntos de vista, tanto enfermos, cuidadores, familiares como profesionales asociados, adem\u00e1s del p\u00fablico en general que est\u00e9 preocupado o sensibilizado con estas enfermedades.<\/p>\n","protected":false},"excerpt":{"rendered":"<div class=\"mh-excerpt\">La charla tendr\u00e1 lugar el pr\u00f3ximo lunes. La Confederaci\u00f3n Espa\u00f1ola de Asociaciones de Familiares de Personas con Alzheimer y otras demencias (CEAFA), junto con el Ministerio de Sanidad, Servicios Sociales e Igualdad, organizan junto con <a class=\"mh-excerpt-more\" href=\"https:\/\/www.tucomarca.com\/wordpress\/segunda\/el-ayuntamiento-de-bunol-organiza-una-charla-formativa-sobre-el-alzheimer-en-la-sala-raga\/\" title=\"El Ayuntamiento de Bu\u00f1ol organiza una charla formativa sobre el Alzheimer en la Sala Raga\">[+] <\/a><\/div>\n","protected":false},"author":2,"featured_media":63000,"comment_status":"open","ping_status":"open","sticky":false,"template":"","format":"standard","meta":{"footnotes":""},"categories":[18,119,8,10,3],"tags":[5335,5952],"class_list":{"0":"post-62998","1":"post","2":"type-post","3":"status-publish","4":"format-standard","5":"has-post-thumbnail","7":"category-bunol","8":"category-sanidad-la-comarca","9":"category-la-comarca","10":"category-la-hoya","11":"category-seccion","12":"tag-ayuntamiento-de-bunol","13":"tag-la-hoya-de-bunol-chiva"},"_links":{"self":[{"href":"https:\/\/www.tucomarca.com\/wordpress\/segunda\/wp-json\/wp\/v2\/posts\/62998","targetHints":{"allow":["GET"]}}],"collection":[{"href":"https:\/\/www.tucomarca.com\/wordpress\/segunda\/wp-json\/wp\/v2\/posts"}],"about":[{"href":"https:\/\/www.tucomarca.com\/wordpress\/segunda\/wp-json\/wp\/v2\/types\/post"}],"author":[{"embeddable":true,"href":"https:\/\/www.tucomarca.com\/wordpress\/segunda\/wp-json\/wp\/v2\/users\/2"}],"replies":[{"embeddable":true,"href":"https:\/\/www.tucomarca.com\/wordpress\/segunda\/wp-json\/wp\/v2\/comments?post=62998"}],"version-history":[{"count":0,"href":"https:\/\/www.tucomarca.com\/wordpress\/segunda\/wp-json\/wp\/v2\/posts\/62998\/revisions"}],"wp:featuredmedia":[{"embeddable":true,"href":"https:\/\/www.tucomarca.com\/wordpress\/segunda\/wp-json\/wp\/v2\/media\/63000"}],"wp:attachment":[{"href":"https:\/\/www.tucomarca.com\/wordpress\/segunda\/wp-json\/wp\/v2\/media?parent=62998"}],"wp:term":[{"taxonomy":"category","embeddable":true,"href":"https:\/\/www.tucomarca.com\/wordpress\/segunda\/wp-json\/wp\/v2\/categories?post=62998"},{"taxonomy":"post_tag","embeddable":true,"href":"https:\/\/www.tucomarca.com\/wordpress\/segunda\/wp-json\/wp\/v2\/tags?post=62998"}],"curies":[{"name":"wp","href":"https:\/\/api.w.org\/{rel}","templated":true}]}}