{"id":63069,"date":"2017-12-01T20:24:54","date_gmt":"2017-12-01T18:24:54","guid":{"rendered":"http:\/\/www.tucomarca.com\/wordpress\/segunda\/?p=63069"},"modified":"2017-12-01T21:00:43","modified_gmt":"2017-12-01T19:00:43","slug":"el-ayuntamiento-de-cheste-cifra-en-150-000-las-personas-que-han-visitado-la-localidad-en-el-transpuso-del-gp-de-motociclismo-2017","status":"publish","type":"post","link":"https:\/\/www.tucomarca.com\/wordpress\/segunda\/el-ayuntamiento-de-cheste-cifra-en-150-000-las-personas-que-han-visitado-la-localidad-en-el-transpuso-del-gp-de-motociclismo-2017\/","title":{"rendered":"El Ayuntamiento de Cheste cifra en 150.000 las personas que han visitado la localidad en el transcurso del GP de Motociclismo 2017"},"content":{"rendered":"<div class=\"\">\n<figure id=\"attachment_63070\" aria-describedby=\"caption-attachment-63070\" style=\"width: 392px\" class=\"wp-caption alignleft\"><img loading=\"lazy\" decoding=\"async\" class=\" wp-image-63070\" src=\"https:\/\/www.tucomarca.com\/wordpress\/segunda\/wp-content\/uploads\/2017\/12\/CarmenDelgado.png\" alt=\"Carmen Delgado cerr\u00f3 su informe agradeciendo el esfuerzo y trabajo de los funcionarios del Ayuntamiento, del personal de la brigada municipal y la Polic\u00eda Local, as\u00ed como a Protecci\u00f3n Civil. \" width=\"392\" height=\"261\" srcset=\"https:\/\/www.tucomarca.com\/wordpress\/segunda\/wp-content\/uploads\/2017\/12\/CarmenDelgado.png 1280w, https:\/\/www.tucomarca.com\/wordpress\/segunda\/wp-content\/uploads\/2017\/12\/CarmenDelgado-300x200.png 300w, https:\/\/www.tucomarca.com\/wordpress\/segunda\/wp-content\/uploads\/2017\/12\/CarmenDelgado-768x512.png 768w, https:\/\/www.tucomarca.com\/wordpress\/segunda\/wp-content\/uploads\/2017\/12\/CarmenDelgado-1024x682.png 1024w\" sizes=\"auto, (max-width: 392px) 100vw, 392px\" \/><figcaption id=\"caption-attachment-63070\" class=\"wp-caption-text\">Carmen Delgado cerr\u00f3 su informe agradeciendo el esfuerzo y trabajo de los funcionarios del Ayuntamiento, del personal de la brigada municipal y la Polic\u00eda Local, as\u00ed como a Protecci\u00f3n Civil.<\/figcaption><\/figure>\n<p><span class=\"\">En la sesi\u00f3n plenaria de ayer, la concejala de Hacienda, Carmen Delgado inform\u00f3 sobre la gesti\u00f3n que llev\u00f3 a cabo el Ayuntamiento durante los d\u00edas de Gran Premio de Motociclismo, celebrado el pasado mes de noviembre.\u00a0<\/span><\/p>\n<\/div>\n<div class=\"\"><\/div>\n<div class=\"\"><span class=\"\">Seg\u00fan comunic\u00f3 la concejala, los gastos de log\u00edstica y organizaci\u00f3n de actividades paralelas al Mundial ascienden a 34.282 euros en esta edici\u00f3n y los gastos extras de personal (polic\u00edas locales, personal de servicios y administraci\u00f3n) a 46.166 euros. As\u00ed mismo, ha habido ingresos en concepto de tasas municipales (puestos ambulantes, barras, wc o retirada de veh\u00edculos por la gr\u00faa) que suman 38.090 euros, y por sanciones administrativas se recaudar\u00e1n 35.200 euros. \u201cHay que poner de manifiesto que siempre que se organiza un evento de estas caracter\u00edsticas hay gastos extraordinarios de limpieza, de personal y de seguridad, como ocurre en otros eventos como el marat\u00f3n de Valencia o partidos de f\u00fatbol de alto riesgo\u201d, apuntaba la concejala.<\/span><\/div>\n<div class=\"\"><\/div>\n<div class=\"\"><span class=\"\"><b class=\"\">Gastos<\/b><\/span><\/div>\n<div class=\"\"><\/div>\n<div class=\"\"><span class=\"\">Tal y como explic\u00f3 Carmen Delgado, el Ayuntamiento de Cheste acord\u00f3 convenios con otros consistorios para ampliar la plantilla de la polic\u00eda local en comisi\u00f3n de servicios con 40 polic\u00edas m\u00e1s. \u201cLa plantilla actual de Polic\u00eda Local es de 18 agentes y 2 guardas rurales, que estuvieron trabajando en turnos de 12 horas desde el jueves 9 de noviembre hasta el domingo\u201d, apuntaba. \u201cDe esta manera, en total, hemos contado con un dispositivo de 60 polic\u00edas\u201d.\u00a0<\/span><\/div>\n<div class=\"\"><\/div>\n<div class=\"\"><span class=\"\">\u201cEste a\u00f1o hemos incrementado gastos con respecto a ocasiones anteriores debido a las medidas especiales que se han tomado ante la alerta de atentado terrorista\u201d, explica Delgado. \u201cTambi\u00e9n ha aumentado el presupuesto de otros gastos corrientes, como el coste de los WC port\u00e1tiles y vallas, que este a\u00f1o no nos han cedido gratuitamente para atender a todos los espacios\u201d.<\/span><\/div>\n<div class=\"\"><\/div>\n<div class=\"\"><span class=\"\">En cuanto a la gesti\u00f3n del acto de Bienvenida a la Afici\u00f3n, celebrado el 10 de noviembre, la edil destac\u00f3 que el espect\u00e1culo de videomapping estuvo patrocinado por distintas empresas y que la pantalla gigante que se mont\u00f3 para retransmitir los entrenamientos y las carreras, estuvo financiada por el Patronato de Turismo de Diputaci\u00f3n. \u201cEl coste de la a paella para 1.000 personas lo asumi\u00f3 el Ayuntamiento, al no encontrar empresa patrocinadora\u201d, detalla Delgado.<\/span><\/div>\n<div class=\"\"><\/div>\n<div class=\"\"><span class=\"\">\u201cDurante cuatro d\u00edas nos han visitado aproximadamente 150.000 personas y esto supone un impacto econ\u00f3mico muy importante en la localidad\u201d, afirma la concejala de Hacienda.\u00a0 \u201cAdem\u00e1s, hemos de tener en cuenta tambi\u00e9n que el Circuito de velocidad ingresa cada a\u00f1o en concepto de IBI Urbana, 197.575 euros y por Impuesto de Actividades empresariales, 73.122 euros\u201d.<\/span><\/div>\n<div class=\"\"><\/div>\n<div class=\"\"><span class=\"\"><b class=\"\">Servicios especiales de limpieza y atenci\u00f3n primaria sanitaria<\/b><\/span><\/div>\n<div class=\"\"><\/div>\n<div class=\"\"><span class=\"\">Seg\u00fan ha informado TETMA, se recogieron 75.120 kg de basuras durante el desarrollo del Gran Premio de Motociclismo. La empresa puso en marcha un servicio especial de limpieza durante los tres d\u00edas, con m\u00e1s personal y m\u00e1s maquinaria, que no ha tenido coste para el Ayuntamiento al figurar como mejora en su contrato. Tambi\u00e9n form\u00f3 parte del dispositivo de limpieza la brigada municipal y el personal de limpieza, realizando horas extras durante los tres d\u00edas del evento.\u00a0<\/span><\/div>\n<div class=\"\"><\/div>\n<div class=\"\"><span class=\"\">\u201cAdem\u00e1s, por parte del concejal de Servicios, se ha organizado un servicio adicional de lavado de todas las aceras y calles de la localidad para reducir el impacto de la asistencia masiva de personas\u201d, a\u00f1ade Delgado.<\/span><\/div>\n<div class=\"\"><\/div>\n<div class=\"\"><span class=\"\">Por su parte, el centro de Salud de Cheste estuvo reforzado con tres m\u00e9dicos, tres enfermeros y un celador. Este servicio se complement\u00f3 con la colaboraci\u00f3n de los 140 voluntarios de Protecci\u00f3n Civil, que adem\u00e1s de implicarse en materia de seguridad, aportaron sies ambulancias de Soporte Vital B\u00e1sico, dos ambulancias de Soporte Vital Avanzado, 18 veh\u00edculos de Intervenci\u00f3n R\u00e1pida, tres veh\u00edculos para log\u00edstica, tres autobombas ligeras y un Puesto Sanitario Avanzado.<\/span><\/div>\n<div class=\"\"><\/div>\n<div class=\"\"><span class=\"\"><b class=\"\">Balance general<\/b><\/span><\/div>\n<div class=\"\"><\/div>\n<div class=\"\"><span class=\"\">\u201cLo m\u00e1s importante es que, a pesar de la gran afluencia de personas, no ha habido que lamentar ning\u00fan accidente grave dentro del municipio durante los d\u00edas de celebraci\u00f3n del Gran Premio\u201d, manifestaba la concejala, \u201clo cual indica que las medidas de seguridad son acertadas\u201d.\u00a0<\/span><\/div>\n<div class=\"\"><\/div>\n<div class=\"\"><span class=\"\">Delgado cerr\u00f3 su informe agradeciendo el esfuerzo y trabajo de los funcionarios del Ayuntamiento, del personal de la brigada municipal y la Polic\u00eda Local, as\u00ed como a Protecci\u00f3n Civil. Tambi\u00e9n pidi\u00f3 disculpas a los vecinos y vecinas por las molestias de ruido, suciedad, robos o actos vand\u00e1licos.\u00a0 \u201cAlgunos da\u00f1os que nos reclaman no pueden ser atendidos por haberlos producido personas desconocidas. Aunque el Ayuntamiento tiene un seguro de Responsabilidad Civil, \u00e9ste no cubre actos vand\u00e1licos; con lo que s\u00f3lo podemos poner m\u00e1s medios para evitar estas situaciones no deseadas y tomar nota para mejorar en las pr\u00f3ximas ediciones\u201d, conclu\u00eda Delgado.<\/span><\/div>\n","protected":false},"excerpt":{"rendered":"<div class=\"mh-excerpt\">En la sesi\u00f3n plenaria de ayer, la concejala de Hacienda, Carmen Delgado inform\u00f3 sobre la gesti\u00f3n que llev\u00f3 a cabo el Ayuntamiento durante los d\u00edas de Gran Premio de Motociclismo, celebrado el pasado mes de <a class=\"mh-excerpt-more\" href=\"https:\/\/www.tucomarca.com\/wordpress\/segunda\/el-ayuntamiento-de-cheste-cifra-en-150-000-las-personas-que-han-visitado-la-localidad-en-el-transpuso-del-gp-de-motociclismo-2017\/\" title=\"El Ayuntamiento de Cheste cifra en 150.000 las personas que han visitado la localidad en el transcurso del GP de Motociclismo 2017\">[+] <\/a><\/div>\n","protected":false},"author":1,"featured_media":63070,"comment_status":"open","ping_status":"open","sticky":false,"template":"","format":"standard","meta":{"footnotes":""},"categories":[17,6,128,8,72,10,91,142,3,116,45],"tags":[10379,498,5952],"class_list":{"0":"post-63069","1":"post","2":"type-post","3":"status-publish","4":"format-standard","5":"has-post-thumbnail","7":"category-cheste","8":"category-deportes","9":"category-infraestructuras","10":"category-la-comarca","11":"category-sin-categorizar","12":"category-la-hoya","13":"category-motociclismo","14":"category-politica-la-comarca","15":"category-seccion","16":"category-sucesos-la-comarca","17":"category-ventana","18":"tag-deportes","19":"tag-gp-cheste","20":"tag-la-hoya-de-bunol-chiva"},"_links":{"self":[{"href":"https:\/\/www.tucomarca.com\/wordpress\/segunda\/wp-json\/wp\/v2\/posts\/63069","targetHints":{"allow":["GET"]}}],"collection":[{"href":"https:\/\/www.tucomarca.com\/wordpress\/segunda\/wp-json\/wp\/v2\/posts"}],"about":[{"href":"https:\/\/www.tucomarca.com\/wordpress\/segunda\/wp-json\/wp\/v2\/types\/post"}],"author":[{"embeddable":true,"href":"https:\/\/www.tucomarca.com\/wordpress\/segunda\/wp-json\/wp\/v2\/users\/1"}],"replies":[{"embeddable":true,"href":"https:\/\/www.tucomarca.com\/wordpress\/segunda\/wp-json\/wp\/v2\/comments?post=63069"}],"version-history":[{"count":0,"href":"https:\/\/www.tucomarca.com\/wordpress\/segunda\/wp-json\/wp\/v2\/posts\/63069\/revisions"}],"wp:featuredmedia":[{"embeddable":true,"href":"https:\/\/www.tucomarca.com\/wordpress\/segunda\/wp-json\/wp\/v2\/media\/63070"}],"wp:attachment":[{"href":"https:\/\/www.tucomarca.com\/wordpress\/segunda\/wp-json\/wp\/v2\/media?parent=63069"}],"wp:term":[{"taxonomy":"category","embeddable":true,"href":"https:\/\/www.tucomarca.com\/wordpress\/segunda\/wp-json\/wp\/v2\/categories?post=63069"},{"taxonomy":"post_tag","embeddable":true,"href":"https:\/\/www.tucomarca.com\/wordpress\/segunda\/wp-json\/wp\/v2\/tags?post=63069"}],"curies":[{"name":"wp","href":"https:\/\/api.w.org\/{rel}","templated":true}]}}