{"id":63127,"date":"2017-12-01T23:25:05","date_gmt":"2017-12-01T21:25:05","guid":{"rendered":"http:\/\/www.tucomarca.com\/wordpress\/segunda\/?p=63127"},"modified":"2017-12-01T23:25:05","modified_gmt":"2017-12-01T21:25:05","slug":"la-ud%e2%80%88yatova-y-el-chiva-cf-ofrecen-el-derbi-comarcal-del-fin-de-semana-en-la-hoya","status":"publish","type":"post","link":"https:\/\/www.tucomarca.com\/wordpress\/segunda\/la-ud%e2%80%88yatova-y-el-chiva-cf-ofrecen-el-derbi-comarcal-del-fin-de-semana-en-la-hoya\/","title":{"rendered":"La UD\u2008Y\u00e1tova y el Chiva CF ofrecen el derbi comarcal del fin de semana en La Hoya"},"content":{"rendered":"<figure id=\"attachment_61591\" aria-describedby=\"caption-attachment-61591\" style=\"width: 426px\" class=\"wp-caption alignleft\"><img loading=\"lazy\" decoding=\"async\" class=\" wp-image-61591\" src=\"https:\/\/www.tucomarca.com\/wordpress\/segunda\/wp-content\/uploads\/2017\/10\/UDyatova1701.jpg\" alt=\"El UD Y\u00e1tova y el Chiva CF se ven las caras este fin de semana. Foto: Ra\u00fal Miralles.\" width=\"426\" height=\"284\" srcset=\"https:\/\/www.tucomarca.com\/wordpress\/segunda\/wp-content\/uploads\/2017\/10\/UDyatova1701.jpg 945w, https:\/\/www.tucomarca.com\/wordpress\/segunda\/wp-content\/uploads\/2017\/10\/UDyatova1701-300x200.jpg 300w, https:\/\/www.tucomarca.com\/wordpress\/segunda\/wp-content\/uploads\/2017\/10\/UDyatova1701-768x512.jpg 768w\" sizes=\"auto, (max-width: 426px) 100vw, 426px\" \/><figcaption id=\"caption-attachment-61591\" class=\"wp-caption-text\">El UD Y\u00e1tova y el Chiva CF se ven las caras este fin de semana. Foto: Ra\u00fal Miralles.<\/figcaption><\/figure>\n<p>El partido que m\u00e1s inter\u00e9s parece suscitar, a priori, de este fin de semana en Primera Regional de los equipos de La Hoya parece ser el derbi comarcal entre la <strong>Uni\u00f3n Deportiva Y\u00e1tova<\/strong> y el<strong> Chiva Club de F\u00fatbol<\/strong>.<\/p>\n<p>Un partido que se ha programado para este domingo casi a medio d\u00eda, concretamente a las 11:45 y en el que se ver\u00e1n las caras el s\u00e9ptimo contra el equipo situado en el puesto 12 de la clasificaci\u00f3n.<\/p>\n<p>Ambos conjuntos vienen de buenas rachas y sumando; por lo que unido a que son equipos vecinos, se prev\u00e9 buen juego y espect\u00e1culo, en el cual, esperamos haya buen ambiente y por supuesto la salsa del f\u00fatbol: los goles. Informa, <strong>Ra\u00fal Miralles Lacalle<\/strong> @raulmks<\/p>\n","protected":false},"excerpt":{"rendered":"<div class=\"mh-excerpt\">El partido que m\u00e1s inter\u00e9s parece suscitar, a priori, de este fin de semana en Primera Regional de los equipos de La Hoya parece ser el derbi comarcal entre la Uni\u00f3n Deportiva Y\u00e1tova y el <a class=\"mh-excerpt-more\" href=\"https:\/\/www.tucomarca.com\/wordpress\/segunda\/la-ud%e2%80%88yatova-y-el-chiva-cf-ofrecen-el-derbi-comarcal-del-fin-de-semana-en-la-hoya\/\" title=\"La UD\u2008Y\u00e1tova y el Chiva CF ofrecen el derbi comarcal del fin de semana en La Hoya\">[+] <\/a><\/div>\n","protected":false},"author":1,"featured_media":61591,"comment_status":"open","ping_status":"open","sticky":false,"template":"","format":"standard","meta":{"footnotes":""},"categories":[50,16,6,10,3,45,11],"tags":[395,10379,44,5952,995,10380],"class_list":{"0":"post-63127","1":"post","2":"type-post","3":"status-publish","4":"format-standard","5":"has-post-thumbnail","7":"category-futbol-deportes","8":"category-chiva","9":"category-deportes","10":"category-la-hoya","11":"category-seccion","12":"category-ventana","13":"category-yatova","14":"tag-chiva-cf","15":"tag-deportes","16":"tag-futbol","17":"tag-la-hoya-de-bunol-chiva","18":"tag-ud-yatova","19":"tag-yatova"},"_links":{"self":[{"href":"https:\/\/www.tucomarca.com\/wordpress\/segunda\/wp-json\/wp\/v2\/posts\/63127","targetHints":{"allow":["GET"]}}],"collection":[{"href":"https:\/\/www.tucomarca.com\/wordpress\/segunda\/wp-json\/wp\/v2\/posts"}],"about":[{"href":"https:\/\/www.tucomarca.com\/wordpress\/segunda\/wp-json\/wp\/v2\/types\/post"}],"author":[{"embeddable":true,"href":"https:\/\/www.tucomarca.com\/wordpress\/segunda\/wp-json\/wp\/v2\/users\/1"}],"replies":[{"embeddable":true,"href":"https:\/\/www.tucomarca.com\/wordpress\/segunda\/wp-json\/wp\/v2\/comments?post=63127"}],"version-history":[{"count":0,"href":"https:\/\/www.tucomarca.com\/wordpress\/segunda\/wp-json\/wp\/v2\/posts\/63127\/revisions"}],"wp:featuredmedia":[{"embeddable":true,"href":"https:\/\/www.tucomarca.com\/wordpress\/segunda\/wp-json\/wp\/v2\/media\/61591"}],"wp:attachment":[{"href":"https:\/\/www.tucomarca.com\/wordpress\/segunda\/wp-json\/wp\/v2\/media?parent=63127"}],"wp:term":[{"taxonomy":"category","embeddable":true,"href":"https:\/\/www.tucomarca.com\/wordpress\/segunda\/wp-json\/wp\/v2\/categories?post=63127"},{"taxonomy":"post_tag","embeddable":true,"href":"https:\/\/www.tucomarca.com\/wordpress\/segunda\/wp-json\/wp\/v2\/tags?post=63127"}],"curies":[{"name":"wp","href":"https:\/\/api.w.org\/{rel}","templated":true}]}}