{"id":63216,"date":"2017-12-04T22:55:57","date_gmt":"2017-12-04T20:55:57","guid":{"rendered":"http:\/\/www.tucomarca.com\/wordpress\/segunda\/?p=63216"},"modified":"2017-12-05T20:39:34","modified_gmt":"2017-12-05T18:39:34","slug":"la-diputacio-invertira-35-millones-de-euros-en-3-anos-en-conservacion-para-tener-unas-carreteras-mas-seguras","status":"publish","type":"post","link":"https:\/\/www.tucomarca.com\/wordpress\/segunda\/la-diputacio-invertira-35-millones-de-euros-en-3-anos-en-conservacion-para-tener-unas-carreteras-mas-seguras\/","title":{"rendered":"La Diputaci\u00f3 invertir\u00e1 35 millones de euros en 3 a\u00f1os en conservaci\u00f3n para tener unas carreteras m\u00e1s seguras"},"content":{"rendered":"<p>El presidente de la Diputaci\u00f3 de Val\u00e8ncia, Jorge Rodr\u00edguez, y el diputado de Carreteras, Pablo Segu\u00ed, han presentado este lunes los nuevos contratos de Conservaci\u00f3n y Mantenimiento de la red viaria provincial para los pr\u00f3ximos tres a\u00f1os. En ese per\u00edodo 2018-2020, la Diputaci\u00f3 invertir\u00e1 cerca de 35 millones de euros en estas mejoras b\u00e1sicas en los 1.800 kil\u00f3metros de v\u00edas que recorren los municipios valencianos, con el objetivo de que los habitantes de todas las comarcas puedan tener unas carreteras m\u00e1s seguras.<\/p>\n<p>El presidente de la Diputaci\u00f3, Jorge Rodr\u00edguez, ha destacado \u201cel cambio de paradigma que ha fijado la seguridad como prioridad del \u00e1rea de Carreteras, apostando por mantener en las mejores condiciones posibles las v\u00edas ya existentes y actuando en aquellas en las que hay puntos de conflicto con una elevada accidentabilidad, antes que embarcarse en proyectos fara\u00f3nicos que despu\u00e9s es muy complicado ejecutar\u201d. La implicaci\u00f3n en la conservaci\u00f3n de las carreteras de la provincia se traduce en \u201cuna inversi\u00f3n de m\u00e1s de 6.000 euros por cada uno de los 1.800 kil\u00f3metros de una red equivalente a la distancia que separa Val\u00e8ncia y Amsterdam\u201d.<\/p>\n<p>El reflejo de esta hoja de ruta marcada por Rodr\u00edguez y el titular de Carreteras, Pablo Segu\u00ed, es el incremento de 3 millones de euros anuales en estas inversiones en mantenimiento y conservaci\u00f3n, pasando de 8,5 a 11,5 millones en cada ejercicio. \u201cLas decisiones pol\u00edticas deben ir acompa\u00f1adas siempre de unos recursos presupuestarios que sirvan para poner en marcha las iniciativas, y eso es lo que muestra este plan trianual que pretende reforzar la seguridad tanto en las carreteras como en los accesos a los municipios, en la l\u00ednea de mejorar la calidad de vida de las personas\u201d, ha se\u00f1alado el presidente de la Diputaci\u00f3.<\/p>\n<p>Rodr\u00edguez ha vuelto a destacar esa \u201cpol\u00edtica de luces largas que va m\u00e1s all\u00e1 del per\u00edodo de mandato de un equipo de gobierno y busca planes y medidas que mejoren la calidad de vida de las personas a corto, medio y largo plazo, como ya sucedi\u00f3 con el Plan de V\u00edas Ciclopeatonales que en un horizonte de 8 a\u00f1os prev\u00e9 crear una red de 132 kil\u00f3metros de v\u00edas seguras para ciclistas y viandantes, con una inversi\u00f3n de 40 millones de euros\u201d.<\/p>\n<p>El acto ha contado con la asistencia, entre otros, del jefe de la Demarcaci\u00f3n de Carreteras del Estado, Ismael Ferrer, y el subdirector general de Movilidad, Josep Llin, adem\u00e1s de los responsables de las seis empresas adjudicatarias del servicio. Tanto Ferrer como Llin han coincidido a la hora de destacar el \u201cacierto de la Diputaci\u00f3n priorizando esta conservaci\u00f3n que repercute en la seguridad vial y mantiene en el mejor estado posible carreteras muy frecuentadas por los ciudadanos y con un importante valor paisaj\u00edstico\u201d.<\/p>\n<p><strong>La \u201cera de la conservaci\u00f3n\u201d en carreteras\u00a0\u00a0<\/strong><\/p>\n<p>El diputado de Carreteras, Pablo Segu\u00ed, ha presentado a los nuevos contratistas que cubrir\u00e1n el servicio de mantenimiento de la red viaria provincial durante los pr\u00f3ximos tres a\u00f1os. La UTE Ferrovial Servicios-OCIDE se encargar\u00e1 de la demarcaci\u00f3n de Villar del Arzobispo, con un importe de 1.826.917 euros anuales (5.480.751 euros en total) para cubrir las mejoras necesarias en las carreteras de Los Serranos, el Rinc\u00f3n de Ademuz y los municipios de Casinos, Dome\u00f1o y Ll\u00edria, del Camp de Turia.<\/p>\n<p>La empresa BECSA cubrir\u00e1 el mantenimiento de la demarcaci\u00f3n B\u00e9tera- Serra, con un presupuesto total para los tres a\u00f1os de 5.926.958 euros que mejorar\u00e1 las carreteras del Camp de Turia, el Camp de Morvedre, l\u2019Horta Nord y la mayor parte de l\u2019Horta Sud. La UTE JOCA-Postigo se encargar\u00e1 de la demarcaci\u00f3n Utiel-Requena, con una inversi\u00f3n de 5.632.441 euros que llegar\u00e1n a las comarcas de Requena-Utiel y el Valle de Ayora-Cofrentes.<\/p>\n<p>Para la demarcaci\u00f3n de Bu\u00f1ol la adjudicataria es Los Serranos, que con un presupuesto de 6.034.250 euros dar\u00e1 servicio en la comarca de La Hoya de Bu\u00f1ol y los municipios de Loriguilla, Picassent, Alc\u00e0sser, Turis, Real, Montroy, Montserrat, Millares y Cortes de Pall\u00e1s. Otra UTE, la de CIVINED-Aguas, Caminos y Puentes (Bertol\u00edn), dar\u00e1 servicio a La Ribera Alta, La Ribera Baixa y Silla, con un presupuesto de 5.487.832 euros para la demarcaci\u00f3n de Alzira. Y, por \u00faltimo, la UTE EDIFESA-Construcciones y Obras Llorente (Pavasal) se encargar\u00e1 de la demarcaci\u00f3n de l\u2019Alc\u00fadia de Crespins, con 6.045.510 euros para la conservaci\u00f3n de carreteras en las comarcas de La Costera, La Canal de Navarr\u00e9s, La Vall d\u2019Albaida y La Safor.<\/p>\n<p>Segu\u00ed ha hablado de \u201cla era de la conservaci\u00f3n en las carreteras valencianas\u201d, que se centrar\u00e1 en actuaciones como baches, desniveles, reducci\u00f3n de la peligrosidad en curvas, glorietas, rotondas, mejora del firme y la visibilidad, adecuaci\u00f3n de accesos a municipios y creaci\u00f3n de una red de v\u00edas ciclopeatonales, \u201cen respuesta a las nuevos usuarios de una red que debe atender las necesidades del siglo XXI\u201d.<\/p>\n","protected":false},"excerpt":{"rendered":"<div class=\"mh-excerpt\">El presidente de la Diputaci\u00f3 de Val\u00e8ncia, Jorge Rodr\u00edguez, y el diputado de Carreteras, Pablo Segu\u00ed, han presentado este lunes los nuevos contratos de Conservaci\u00f3n y Mantenimiento de la red viaria provincial para los pr\u00f3ximos <a class=\"mh-excerpt-more\" href=\"https:\/\/www.tucomarca.com\/wordpress\/segunda\/la-diputacio-invertira-35-millones-de-euros-en-3-anos-en-conservacion-para-tener-unas-carreteras-mas-seguras\/\" title=\"La Diputaci\u00f3 invertir\u00e1 35 millones de euros en 3 a\u00f1os en conservaci\u00f3n para tener unas carreteras m\u00e1s seguras\">[+] <\/a><\/div>\n","protected":false},"author":1,"featured_media":63217,"comment_status":"open","ping_status":"open","sticky":false,"template":"","format":"standard","meta":{"footnotes":""},"categories":[128,8,72,142,3,45,26],"tags":[204],"class_list":{"0":"post-63216","1":"post","2":"type-post","3":"status-publish","4":"format-standard","5":"has-post-thumbnail","7":"category-infraestructuras","8":"category-la-comarca","9":"category-sin-categorizar","10":"category-politica-la-comarca","11":"category-seccion","12":"category-ventana","13":"category-video","14":"tag-diputacion"},"_links":{"self":[{"href":"https:\/\/www.tucomarca.com\/wordpress\/segunda\/wp-json\/wp\/v2\/posts\/63216","targetHints":{"allow":["GET"]}}],"collection":[{"href":"https:\/\/www.tucomarca.com\/wordpress\/segunda\/wp-json\/wp\/v2\/posts"}],"about":[{"href":"https:\/\/www.tucomarca.com\/wordpress\/segunda\/wp-json\/wp\/v2\/types\/post"}],"author":[{"embeddable":true,"href":"https:\/\/www.tucomarca.com\/wordpress\/segunda\/wp-json\/wp\/v2\/users\/1"}],"replies":[{"embeddable":true,"href":"https:\/\/www.tucomarca.com\/wordpress\/segunda\/wp-json\/wp\/v2\/comments?post=63216"}],"version-history":[{"count":0,"href":"https:\/\/www.tucomarca.com\/wordpress\/segunda\/wp-json\/wp\/v2\/posts\/63216\/revisions"}],"wp:featuredmedia":[{"embeddable":true,"href":"https:\/\/www.tucomarca.com\/wordpress\/segunda\/wp-json\/wp\/v2\/media\/63217"}],"wp:attachment":[{"href":"https:\/\/www.tucomarca.com\/wordpress\/segunda\/wp-json\/wp\/v2\/media?parent=63216"}],"wp:term":[{"taxonomy":"category","embeddable":true,"href":"https:\/\/www.tucomarca.com\/wordpress\/segunda\/wp-json\/wp\/v2\/categories?post=63216"},{"taxonomy":"post_tag","embeddable":true,"href":"https:\/\/www.tucomarca.com\/wordpress\/segunda\/wp-json\/wp\/v2\/tags?post=63216"}],"curies":[{"name":"wp","href":"https:\/\/api.w.org\/{rel}","templated":true}]}}