{"id":63222,"date":"2017-12-04T22:36:53","date_gmt":"2017-12-04T20:36:53","guid":{"rendered":"http:\/\/www.tucomarca.com\/wordpress\/segunda\/?p=63222"},"modified":"2017-12-04T22:36:53","modified_gmt":"2017-12-04T20:36:53","slug":"bunol-pide-al-conseller-de-economia-sostenible-sectores-productivos-comercio-y-trabajo-mas-apoyo-para-las-industrias-de-la-hoya","status":"publish","type":"post","link":"https:\/\/www.tucomarca.com\/wordpress\/segunda\/bunol-pide-al-conseller-de-economia-sostenible-sectores-productivos-comercio-y-trabajo-mas-apoyo-para-las-industrias-de-la-hoya\/","title":{"rendered":"Bu\u00f1ol pide al Conseller de Econom\u00eda Sostenible, Sectores Productivos, Comercio y Trabajo m\u00e1s apoyo para las industrias de La Hoya"},"content":{"rendered":"<figure id=\"attachment_63223\" aria-describedby=\"caption-attachment-63223\" style=\"width: 1280px\" class=\"wp-caption alignleft\"><img loading=\"lazy\" decoding=\"async\" class=\"size-full wp-image-63223\" src=\"https:\/\/www.tucomarca.com\/wordpress\/segunda\/wp-content\/uploads\/2017\/12\/BunyolCliment.jpg\" alt=\"La alcaldesa, Juncal Carrascosa, junto a los tenientes de alcalde, Rafael P\u00e9rez y Alejandro Agustina, ha solicitado inversiones en infraestructuras en La Hoya y especialmente en Bu\u00f1ol para el pr\u00f3ximo ejercicio.\" width=\"1280\" height=\"960\" srcset=\"https:\/\/www.tucomarca.com\/wordpress\/segunda\/wp-content\/uploads\/2017\/12\/BunyolCliment.jpg 1280w, https:\/\/www.tucomarca.com\/wordpress\/segunda\/wp-content\/uploads\/2017\/12\/BunyolCliment-300x225.jpg 300w, https:\/\/www.tucomarca.com\/wordpress\/segunda\/wp-content\/uploads\/2017\/12\/BunyolCliment-768x576.jpg 768w, https:\/\/www.tucomarca.com\/wordpress\/segunda\/wp-content\/uploads\/2017\/12\/BunyolCliment-1024x768.jpg 1024w\" sizes=\"auto, (max-width: 1280px) 100vw, 1280px\" \/><figcaption id=\"caption-attachment-63223\" class=\"wp-caption-text\">La alcaldesa, Juncal Carrascosa, junto a los tenientes de alcalde, Rafael P\u00e9rez y Alejandro Agustina, ha solicitado inversiones en infraestructuras en La Hoya y especialmente en Bu\u00f1ol para el pr\u00f3ximo ejercicio.<\/figcaption><\/figure>\n<p>La alcaldesa de Bu\u00f1ol, Juncal Carrascosa (PSOE), y los ediles de Urbanismo y Desarrollo, Rafael P\u00e9rez (EU) y Alejandro Agustina (Votamos Bu\u00f1ol), han mantenido una reuni\u00f3n de trabajo con el conseller de Econom\u00eda Sostenible, Sectores Productivos, Comercio y Trabajo, Rafael Climent.<\/p>\n<p>El objetivo de esta reuni\u00f3n ha sido\u00a0\u00absolicitar ayudas en materia de industrializaci\u00f3n en La Hoya de Bu\u00f1ol-Chiva y especialmente en la localidad de Bu\u00f1ol. Tanto la alcaldesa como los tenientes de alcald\u00eda Rafael P\u00e9rez y Alejandro Agustina, han incidido en la necesidad de invertir en los pol\u00edgonos industriales de la comarca a fin de aumentar el \u00edndice de empleabilidad en la zona\u00bb, seg\u00fan han informado fuentes municipales.<\/p>\n<p>Climent ha confirmado que para el pr\u00f3ximo ejercicio \u00abs\u00ed se contempla inversiones en los pol\u00edgonos industriales de La Hoya de Bu\u00f1ol-Chiva. Aunque el resto de propuestas sobre la mesa no est\u00e9n presentes en los pr\u00f3ximos presupuestos de la Generalitat Valenciana, el conseller se ha comprometido a llevar a cabo todas las propuestas necesarias en la zona y ayudar en todo lo que sea posible seg\u00fan los planes pendientes de terminar\u00bb. La primera edil bu\u00f1olense, Juncal Carrascosa, ha confirmado al respecto que Climent \u00abnos ha ofrecido apoyo t\u00e9cnico y un contacto fluido para que conjuntamente podamos seguir trabajando con el gabinete del Conseller\u201d, seg\u00fan ha dicho.<\/p>\n","protected":false},"excerpt":{"rendered":"<div class=\"mh-excerpt\">La alcaldesa de Bu\u00f1ol, Juncal Carrascosa (PSOE), y los ediles de Urbanismo y Desarrollo, Rafael P\u00e9rez (EU) y Alejandro Agustina (Votamos Bu\u00f1ol), han mantenido una reuni\u00f3n de trabajo con el conseller de Econom\u00eda Sostenible, Sectores <a class=\"mh-excerpt-more\" href=\"https:\/\/www.tucomarca.com\/wordpress\/segunda\/bunol-pide-al-conseller-de-economia-sostenible-sectores-productivos-comercio-y-trabajo-mas-apoyo-para-las-industrias-de-la-hoya\/\" title=\"Bu\u00f1ol pide al Conseller de Econom\u00eda Sostenible, Sectores Productivos, Comercio y Trabajo m\u00e1s apoyo para las industrias de La Hoya\">[+] <\/a><\/div>\n","protected":false},"author":1,"featured_media":63223,"comment_status":"open","ping_status":"open","sticky":false,"template":"","format":"standard","meta":{"footnotes":""},"categories":[18,128,8,10,142,3,45],"tags":[5952],"class_list":{"0":"post-63222","1":"post","2":"type-post","3":"status-publish","4":"format-standard","5":"has-post-thumbnail","7":"category-bunol","8":"category-infraestructuras","9":"category-la-comarca","10":"category-la-hoya","11":"category-politica-la-comarca","12":"category-seccion","13":"category-ventana","14":"tag-la-hoya-de-bunol-chiva"},"_links":{"self":[{"href":"https:\/\/www.tucomarca.com\/wordpress\/segunda\/wp-json\/wp\/v2\/posts\/63222","targetHints":{"allow":["GET"]}}],"collection":[{"href":"https:\/\/www.tucomarca.com\/wordpress\/segunda\/wp-json\/wp\/v2\/posts"}],"about":[{"href":"https:\/\/www.tucomarca.com\/wordpress\/segunda\/wp-json\/wp\/v2\/types\/post"}],"author":[{"embeddable":true,"href":"https:\/\/www.tucomarca.com\/wordpress\/segunda\/wp-json\/wp\/v2\/users\/1"}],"replies":[{"embeddable":true,"href":"https:\/\/www.tucomarca.com\/wordpress\/segunda\/wp-json\/wp\/v2\/comments?post=63222"}],"version-history":[{"count":0,"href":"https:\/\/www.tucomarca.com\/wordpress\/segunda\/wp-json\/wp\/v2\/posts\/63222\/revisions"}],"wp:featuredmedia":[{"embeddable":true,"href":"https:\/\/www.tucomarca.com\/wordpress\/segunda\/wp-json\/wp\/v2\/media\/63223"}],"wp:attachment":[{"href":"https:\/\/www.tucomarca.com\/wordpress\/segunda\/wp-json\/wp\/v2\/media?parent=63222"}],"wp:term":[{"taxonomy":"category","embeddable":true,"href":"https:\/\/www.tucomarca.com\/wordpress\/segunda\/wp-json\/wp\/v2\/categories?post=63222"},{"taxonomy":"post_tag","embeddable":true,"href":"https:\/\/www.tucomarca.com\/wordpress\/segunda\/wp-json\/wp\/v2\/tags?post=63222"}],"curies":[{"name":"wp","href":"https:\/\/api.w.org\/{rel}","templated":true}]}}