{"id":63236,"date":"2017-12-04T22:40:56","date_gmt":"2017-12-04T20:40:56","guid":{"rendered":"http:\/\/www.tucomarca.com\/wordpress\/segunda\/?p=63236"},"modified":"2017-12-04T22:40:56","modified_gmt":"2017-12-04T20:40:56","slug":"turis-tendra-un-nuevo-colegio","status":"publish","type":"post","link":"https:\/\/www.tucomarca.com\/wordpress\/segunda\/turis-tendra-un-nuevo-colegio\/","title":{"rendered":"Tur\u00eds tendr\u00e1 un nuevo colegio"},"content":{"rendered":"<figure id=\"attachment_63237\" aria-describedby=\"caption-attachment-63237\" style=\"width: 1600px\" class=\"wp-caption alignleft\"><img loading=\"lazy\" decoding=\"async\" class=\"size-full wp-image-63237\" src=\"https:\/\/www.tucomarca.com\/wordpress\/segunda\/wp-content\/uploads\/2017\/12\/Turiscolegio.jpeg\" alt=\"Reuni\u00f3n de trabajo de los responsables municipales con Jes\u00fas Garc\u00eda, Subdirector General de Infraestructuras y Personal T\u00e9cnico de la Conselleria de Educaci\u00f3n.\" width=\"1600\" height=\"866\" srcset=\"https:\/\/www.tucomarca.com\/wordpress\/segunda\/wp-content\/uploads\/2017\/12\/Turiscolegio.jpeg 1600w, https:\/\/www.tucomarca.com\/wordpress\/segunda\/wp-content\/uploads\/2017\/12\/Turiscolegio-300x162.jpeg 300w, https:\/\/www.tucomarca.com\/wordpress\/segunda\/wp-content\/uploads\/2017\/12\/Turiscolegio-768x416.jpeg 768w, https:\/\/www.tucomarca.com\/wordpress\/segunda\/wp-content\/uploads\/2017\/12\/Turiscolegio-1024x554.jpeg 1024w\" sizes=\"auto, (max-width: 1600px) 100vw, 1600px\" \/><figcaption id=\"caption-attachment-63237\" class=\"wp-caption-text\">Reuni\u00f3n de trabajo de los responsables municipales con Jes\u00fas Garc\u00eda, Subdirector General de Infraestructuras y Personal T\u00e9cnico de la Conselleria de Educaci\u00f3n.<\/figcaption><\/figure>\n<p class=\"x_MsoNormal\"><span lang=\"ES-TRAD\">El alcalde de Tur\u00eds, Eugenio Forta\u00f1a, y la Concejal de Educaci\u00f3n, Isabel Guaita, han mantenido una reuni\u00f3n de trabajo con Jes\u00fas Garc\u00eda, Subdirector General de Infraestructuras y Personal T\u00e9cnico de la Conselleria de Educaci\u00f3n, para tratar la inclusi\u00f3n del municipio en el Pla Edificant del consell por el que se prev\u00e9n acciones inmediatas tanto de rehabilitaci\u00f3n y mantenimiento en instalaciones como de construcci\u00f3n de nuevas escuelas.<\/span><\/p>\n<p class=\"x_MsoNormal\"><span lang=\"ES-TRAD\">Seg\u00fan explica Eugenio Forta\u00f1a, la reuni\u00f3n ha sido \u201cmuy fruct\u00edfera ya que nuestro municipio se va a adherir a este proyecto para poder poner fin, mediante la construcci\u00f3n de un nuevo centro, a la actual situaci\u00f3n de masificaci\u00f3n que existe en el colegio Joaqu\u00edn Mu\u00f1oz\u201d.<\/span><\/p>\n<p class=\"x_MsoNormal\"><span lang=\"ES-TRAD\">La aplicaci\u00f3n de este plan permitir\u00e1 tambi\u00e9n la eliminaci\u00f3n de los numerosos barracones que se han ido incrementando a\u00f1o tras a\u00f1o y que albergan no s\u00f3lo diversas aulas del colegio sino tambi\u00e9n el comedor.<\/span><\/p>\n<p class=\"x_MsoNormal\"><span lang=\"ES-TRAD\">Para el alcalde de Tur\u00eds \u201cla construcci\u00f3n de una nueva escuela es un hito muy importante para nuestro pueblo que acaba con la precariedad y la pol\u00edtica de falta de inversiones que ha venido padeciendo el colegio durante los \u00faltimos veinte a\u00f1os\u201d. \u201cEl plan es muy ambicioso\u201d, continua explicando Forta\u00f1a, \u201cy contempla la construcci\u00f3n de un nuevo edificio junto al instituto de secundaria en el que se centralizar\u00e1n todas las l\u00edneas de ense\u00f1anza\u201d.<\/span><\/p>\n<p class=\"x_MsoNormal\"><span lang=\"ES-TRAD\">La m\u00e1xima autoridad turisana ha informado que \u201cactualmente el proyecto est\u00e1 bastante avanzado y afronta la fase de adquisici\u00f3n de terrenos para ponerlos a disposici\u00f3n de la Conselleria\u201d. Aunque desde la administraci\u00f3n no se quieren marcar plazos lo cierto es que est\u00e1 previsto que las obras puedan comenzar lo antes posible.<\/span><\/p>\n","protected":false},"excerpt":{"rendered":"<div class=\"mh-excerpt\">El alcalde de Tur\u00eds, Eugenio Forta\u00f1a, y la Concejal de Educaci\u00f3n, Isabel Guaita, han mantenido una reuni\u00f3n de trabajo con Jes\u00fas Garc\u00eda, Subdirector General de Infraestructuras y Personal T\u00e9cnico de la Conselleria de Educaci\u00f3n, para <a class=\"mh-excerpt-more\" href=\"https:\/\/www.tucomarca.com\/wordpress\/segunda\/turis-tendra-un-nuevo-colegio\/\" title=\"Tur\u00eds tendr\u00e1 un nuevo colegio\">[+] <\/a><\/div>\n","protected":false},"author":1,"featured_media":63237,"comment_status":"open","ping_status":"open","sticky":false,"template":"","format":"standard","meta":{"footnotes":""},"categories":[128,8,42,142,3,43,45],"tags":[3640,10394],"class_list":{"0":"post-63236","1":"post","2":"type-post","3":"status-publish","4":"format-standard","5":"has-post-thumbnail","7":"category-infraestructuras","8":"category-la-comarca","9":"category-la-ribera","10":"category-politica-la-comarca","11":"category-seccion","12":"category-turis","13":"category-ventana","14":"tag-la-ribera-alta","15":"tag-turis"},"_links":{"self":[{"href":"https:\/\/www.tucomarca.com\/wordpress\/segunda\/wp-json\/wp\/v2\/posts\/63236","targetHints":{"allow":["GET"]}}],"collection":[{"href":"https:\/\/www.tucomarca.com\/wordpress\/segunda\/wp-json\/wp\/v2\/posts"}],"about":[{"href":"https:\/\/www.tucomarca.com\/wordpress\/segunda\/wp-json\/wp\/v2\/types\/post"}],"author":[{"embeddable":true,"href":"https:\/\/www.tucomarca.com\/wordpress\/segunda\/wp-json\/wp\/v2\/users\/1"}],"replies":[{"embeddable":true,"href":"https:\/\/www.tucomarca.com\/wordpress\/segunda\/wp-json\/wp\/v2\/comments?post=63236"}],"version-history":[{"count":0,"href":"https:\/\/www.tucomarca.com\/wordpress\/segunda\/wp-json\/wp\/v2\/posts\/63236\/revisions"}],"wp:featuredmedia":[{"embeddable":true,"href":"https:\/\/www.tucomarca.com\/wordpress\/segunda\/wp-json\/wp\/v2\/media\/63237"}],"wp:attachment":[{"href":"https:\/\/www.tucomarca.com\/wordpress\/segunda\/wp-json\/wp\/v2\/media?parent=63236"}],"wp:term":[{"taxonomy":"category","embeddable":true,"href":"https:\/\/www.tucomarca.com\/wordpress\/segunda\/wp-json\/wp\/v2\/categories?post=63236"},{"taxonomy":"post_tag","embeddable":true,"href":"https:\/\/www.tucomarca.com\/wordpress\/segunda\/wp-json\/wp\/v2\/tags?post=63236"}],"curies":[{"name":"wp","href":"https:\/\/api.w.org\/{rel}","templated":true}]}}