{"id":63263,"date":"2017-12-05T20:30:16","date_gmt":"2017-12-05T18:30:16","guid":{"rendered":"http:\/\/www.tucomarca.com\/wordpress\/segunda\/?p=63263"},"modified":"2017-12-05T20:30:16","modified_gmt":"2017-12-05T18:30:16","slug":"las-secciones-sindicales-de-cgt-y-spplb-en-el-ayuntamiento-de-bunol-critican-que-no-exista-posibilidad-de-negociar-nada","status":"publish","type":"post","link":"https:\/\/www.tucomarca.com\/wordpress\/segunda\/las-secciones-sindicales-de-cgt-y-spplb-en-el-ayuntamiento-de-bunol-critican-que-no-exista-posibilidad-de-negociar-nada\/","title":{"rendered":"Las secciones sindicales de CGT y SPPLB en el Ayuntamiento de Bu\u00f1ol critican \u00abque no exista posibilidad de negociar nada\u00bb"},"content":{"rendered":"<p>Desde las\u00a0Secciones sindicales de CGT y del SPPLB han vuelto\u00a0a \u00abdenunciar un problema que, lejos de solucionarse, se est\u00e1 enquistando cada d\u00eda m\u00e1s\u00bb, seg\u00fan han afirmado.<\/p>\n<p>\u00abDesde que entramos a formar parte del Comit\u00e9 de Empresa y de la Junta de Personal, nos hemos encontrado siempre con el mismo problema. Los trabajadores y trabajadoras no somos la\u00a0prioridad.\u00a0Hace ya a\u00f1o y medio que no existe posibilidad de negociar nada. Lo \u00fanico que hemos recibido desde entonces han sido plantones, faltas de respeto y ninguna voluntad para alcanzar y (mucho menos) rubricar ning\u00fan acuerdo\u00bb, tal como han manifestado desde CGT y SPPLB.<\/p>\n<p>A cada una de sus\u00a0propuestas\u00a0\u00abs\u00f3lo hemos obtenido como respuesta que todo est\u00e1 pendiente de los informe de los t\u00e9cnicos.\u00a0Como resulta que esos \u201cinformes\u201d nunca llegan, porque quienes detentan el poder pol\u00edtico\u00a0no creen prioritario ordenar a los T\u00e9cnicos competentes que los realicen, nos encontramos en un c\u00edrculo vicioso del que es imposible salir, mientras los responsables pol\u00edticos no nos tomen en serio y pongan lo que hace falta: voluntad pol\u00edtica y ganas de resolver los muchos temas pendientes que a d\u00eda de hoy afectan a la plantilla\u00bb, seg\u00fan han criticado desde ambos\u00a0sindicatos.<\/p>\n<p>\u00abComo nos consta que hay muchos trabajadores y trabajadoras descontentas con una manera de proceder que atenta directamente contra los derechos de tod@s los que trabajamos cada d\u00eda en los diferentes y necesarios Servicios P\u00fablicos de esta Corporaci\u00f3n, hemos decidido que no vamos a tolerar ni un segundo m\u00e1s esta situaci\u00f3n. Es nuestra responsabilidad como organizaciones velar por los intereses de la clase trabajadora. Por eso utilizaremos todas y cada una de las herramientas que la acci\u00f3n sindical nos permite, con el fin de revertir esta situaci\u00f3n de bloqueo y de esta manera poder sentarnos con gente capaz de llegar a acuerdos sin poner siempre como excusa y como escudo unos informes jur\u00eddicos y econ\u00f3micos que nunca llegan\u00bb, han finalizado desde CGT y SPPLB.<\/p>\n","protected":false},"excerpt":{"rendered":"<div class=\"mh-excerpt\">Desde las\u00a0Secciones sindicales de CGT y del SPPLB han vuelto\u00a0a \u00abdenunciar un problema que, lejos de solucionarse, se est\u00e1 enquistando cada d\u00eda m\u00e1s\u00bb, seg\u00fan han afirmado. \u00abDesde que entramos a formar parte del Comit\u00e9 de <a class=\"mh-excerpt-more\" href=\"https:\/\/www.tucomarca.com\/wordpress\/segunda\/las-secciones-sindicales-de-cgt-y-spplb-en-el-ayuntamiento-de-bunol-critican-que-no-exista-posibilidad-de-negociar-nada\/\" title=\"Las secciones sindicales de CGT y SPPLB en el Ayuntamiento de Bu\u00f1ol critican \u00abque no exista posibilidad de negociar nada\u00bb\">[+] <\/a><\/div>\n","protected":false},"author":1,"featured_media":55964,"comment_status":"open","ping_status":"open","sticky":false,"template":"","format":"standard","meta":{"footnotes":""},"categories":[18,8,10,142,3],"tags":[5952],"class_list":{"0":"post-63263","1":"post","2":"type-post","3":"status-publish","4":"format-standard","5":"has-post-thumbnail","7":"category-bunol","8":"category-la-comarca","9":"category-la-hoya","10":"category-politica-la-comarca","11":"category-seccion","12":"tag-la-hoya-de-bunol-chiva"},"_links":{"self":[{"href":"https:\/\/www.tucomarca.com\/wordpress\/segunda\/wp-json\/wp\/v2\/posts\/63263","targetHints":{"allow":["GET"]}}],"collection":[{"href":"https:\/\/www.tucomarca.com\/wordpress\/segunda\/wp-json\/wp\/v2\/posts"}],"about":[{"href":"https:\/\/www.tucomarca.com\/wordpress\/segunda\/wp-json\/wp\/v2\/types\/post"}],"author":[{"embeddable":true,"href":"https:\/\/www.tucomarca.com\/wordpress\/segunda\/wp-json\/wp\/v2\/users\/1"}],"replies":[{"embeddable":true,"href":"https:\/\/www.tucomarca.com\/wordpress\/segunda\/wp-json\/wp\/v2\/comments?post=63263"}],"version-history":[{"count":0,"href":"https:\/\/www.tucomarca.com\/wordpress\/segunda\/wp-json\/wp\/v2\/posts\/63263\/revisions"}],"wp:featuredmedia":[{"embeddable":true,"href":"https:\/\/www.tucomarca.com\/wordpress\/segunda\/wp-json\/wp\/v2\/media\/55964"}],"wp:attachment":[{"href":"https:\/\/www.tucomarca.com\/wordpress\/segunda\/wp-json\/wp\/v2\/media?parent=63263"}],"wp:term":[{"taxonomy":"category","embeddable":true,"href":"https:\/\/www.tucomarca.com\/wordpress\/segunda\/wp-json\/wp\/v2\/categories?post=63263"},{"taxonomy":"post_tag","embeddable":true,"href":"https:\/\/www.tucomarca.com\/wordpress\/segunda\/wp-json\/wp\/v2\/tags?post=63263"}],"curies":[{"name":"wp","href":"https:\/\/api.w.org\/{rel}","templated":true}]}}