{"id":63293,"date":"2017-12-05T22:46:35","date_gmt":"2017-12-05T20:46:35","guid":{"rendered":"http:\/\/www.tucomarca.com\/wordpress\/segunda\/?p=63293"},"modified":"2017-12-05T22:46:35","modified_gmt":"2017-12-05T20:46:35","slug":"docents-de-leliana-participen-en-una-jornada-dinnovacio-educativa-orientada-a-la-intel%c2%b7ligencia-emocional","status":"publish","type":"post","link":"https:\/\/www.tucomarca.com\/wordpress\/segunda\/docents-de-leliana-participen-en-una-jornada-dinnovacio-educativa-orientada-a-la-intel%c2%b7ligencia-emocional\/","title":{"rendered":"Docents de l&#8217;Eliana participen en una jornada d&#8217;innovaci\u00f3 educativa orientada a la intel\u00b7lig\u00e8ncia emocional"},"content":{"rendered":"<figure id=\"attachment_63294\" aria-describedby=\"caption-attachment-63294\" style=\"width: 456px\" class=\"wp-caption alignleft\"><img loading=\"lazy\" decoding=\"async\" class=\" wp-image-63294\" src=\"https:\/\/www.tucomarca.com\/wordpress\/segunda\/wp-content\/uploads\/2017\/12\/docentes.jpg\" alt=\"En aquesta jornada van participar docents del CEIP l'Olivera, Centre d'Ensenyament Rivas-Lluna, Col\u00b7legi Helios, CEIP El Garb\u00ed, CEIP Monte Alegre, CEIP Verge del Carme i l'Institut de l'Eliana.\" width=\"456\" height=\"342\" srcset=\"https:\/\/www.tucomarca.com\/wordpress\/segunda\/wp-content\/uploads\/2017\/12\/docentes.jpg 1000w, https:\/\/www.tucomarca.com\/wordpress\/segunda\/wp-content\/uploads\/2017\/12\/docentes-300x225.jpg 300w, https:\/\/www.tucomarca.com\/wordpress\/segunda\/wp-content\/uploads\/2017\/12\/docentes-768x576.jpg 768w\" sizes=\"auto, (max-width: 456px) 100vw, 456px\" \/><figcaption id=\"caption-attachment-63294\" class=\"wp-caption-text\">En aquesta jornada van participar docents del CEIP l&#8217;Olivera, Centre d&#8217;Ensenyament Rivas-Lluna, Col\u00b7legi Helios, CEIP El Garb\u00ed, CEIP Monte Alegre, CEIP Verge del Carme i l&#8217;Institut de l&#8217;Eliana.<\/figcaption><\/figure>\n<p><b>El consistori de l&#8217;Eliana, a trav\u00e9s de la Regidoria d&#8217;Educaci\u00f3, va propiciar dissabte passat que 40 docents de la comunitat educativa local participaren en unes jornades d&#8217;innovaci\u00f3 educativa que va impartir la pedagoga i psicopedagoga Mar Romera. Sota el t\u00edtol &#8216;Educar amb les 3 Cs&#8217;, es va promoure l&#8217;\u00fas de nous m\u00e8todes d&#8217;ensenyament per a optimitzar la qualitat de l&#8217;educaci\u00f3 el nostre municipi.<\/b><\/p>\n<p>L&#8217;Eliana segueix apostant per l&#8217;Educaci\u00f3 com un eix fonamental entre les seues pol\u00edtiques. Des de la Regidoria d&#8217;Educaci\u00f3 del consistori i dins del projecte \u00abL&#8217;Eliana, ciutat educadora\u00bb, es va participar en una proposta orientada a un nou model de gesti\u00f3 de les aptituds de cada alumne o alumna: en aquest paradigma, existeixen unes fortaleses que permeten marcar-se metes en el futur professional de cada estudiant, al mateix temps que s&#8217;enforteix la seua autoestima i el seu creixement emocional. I ho fa a trav\u00e9s de la jornada d&#8217;innovaci\u00f3 educativa &#8216;Educar amb les 3 Cs&#8217;.<\/p>\n<p>Aqueixes &#8216;tres ces&#8217; s\u00f3n, segons explica Mar Romera, \u00ables capacitats, les compet\u00e8ncies i el cor\u00bb: \u00e9s a dir, el potencial de cada persona entre les diferents facetes; les habilitats executables que s\u00f3n necess\u00e0ries en el segle XXI; i la intel\u00b7lig\u00e8ncia emocional. L&#8217;objectiu, en qualsevol cas, \u00e9s el d&#8217;analitzar la situaci\u00f3 actual de l&#8217;ensenyament i posar en com\u00fa m\u00e8todes d&#8217;ensenyament i eines pedag\u00f2giques que puguen ser emprades per la comunitat docent de l&#8217;Eliana.<\/p>\n<p>Eva Santaf\u00e9, edil d&#8217;Educaci\u00f3 en l&#8217;Ajuntament de l&#8217;Eliana, es va mostrar molt feli\u00e7 pel desenvolupament de la jornada: \u00ab\u00c9s molt gratificant comprovar el grau de comprom\u00eds que existeix entre els docents, per a fer que cada classe que imparteixen resulte \u00fatil per al seu alumnat. \u00c9s gratificant veure, una vegada m\u00e9s, les ganes d&#8217;implicar-se del professorat en actuacions encaminades a millorar les seues experi\u00e8ncies per a transmetre ensenyaments, a trav\u00e9s de jornades d&#8217;innovaci\u00f3 educativa que complementen les eines que tenen per a formar als nostres xiquets i joves\u00bb. En aquesta jornada van participar docents del CEIP l&#8217;Olivera, Centre d&#8217;Ensenyament Rivas-Lluna, Col\u00b7legi Helios, CEIP El Garb\u00ed, CEIP Monte Alegre, CEIP Verge del Carme i l&#8217;Institut de l&#8217;Eliana.<\/p>\n<p><b>L&#8217;Eliana, exemple d&#8217;ensenyament en valors<\/b><\/p>\n<p>Divendres passat, es va impartir entre els alumnes de 3\u00e9, 4\u00e9 i 5\u00e9 de Prim\u00e0ria del CEIP l&#8217;Olivera el projecte &#8216;Els xiquets i xiquetes ens expliquen el m\u00f3n&#8217;, una iniciativa organitzada per l&#8217;ISCOD (Institut Sindical de Cooperaci\u00f3 al Desenvolupament) per a fer que els alumnes prenguen consci\u00e8ncia de la realitat que es viu en paises com Nicaragua, on xiquets i xiquetes parlen sobre Drets de la Inf\u00e0ncia dels quals no poden gaudir. Drets que a Espanya sembla impensable que puguen no existir en altres pa\u00efsos, encara que aquesta situaci\u00f3 es produ\u00efsca de forma inq\u00fcestionable.<\/p>\n<p>El director d&#8217;aquest centre, Jos\u00e9 Corbera, considera \u201cmolt enriquidora\u201d aquesta experi\u00e8ncia, ja que permet als seus alumnes \u201cacostar-se a una realitat del m\u00f3n molt diferent de la nostra, afavoreix que es prenga consci\u00e8ncia sobre la problem\u00e0tica dels Drets de la Inf\u00e0ncia i ens permet adoptar una postura activa sobre aquest tema\u201d. Aquest projecte forma part de la iniciativa &#8216;L&#8217;escola que volem&#8217;, promoguda des del CEIP l&#8217;Olivera per a incidir en l&#8217;ensenyament de valors com la solidaritat.<\/p>\n<p>Santaf\u00e9, per la seua banda, va incidir en la import\u00e0ncia que hi ha en qu\u00e8 els centres d&#8217;ensenyament de l&#8217;Eliana participen de forma habitual en activitats orientades a transmetre valors, a m\u00e9s de coneixements acad\u00e8mics: \u201cDe cara a l&#8217;any 2030 s&#8217;estan posant en pr\u00e0ctica 17 objectius per a aconseguir el &#8216;Desenvolupament Sostenible&#8217;, que \u00e9s la voluntat d&#8217;afavorir que totes les persones tinguen al seu abast les mateixes oportunitats i gaudisquen dels mateixos drets\u201d.<\/p>\n","protected":false},"excerpt":{"rendered":"<div class=\"mh-excerpt\">El consistori de l&#8217;Eliana, a trav\u00e9s de la Regidoria d&#8217;Educaci\u00f3, va propiciar dissabte passat que 40 docents de la comunitat educativa local participaren en unes jornades d&#8217;innovaci\u00f3 educativa que va impartir la pedagoga i psicopedagoga <a class=\"mh-excerpt-more\" href=\"https:\/\/www.tucomarca.com\/wordpress\/segunda\/docents-de-leliana-participen-en-una-jornada-dinnovacio-educativa-orientada-a-la-intel%c2%b7ligencia-emocional\/\" title=\"Docents de l&#8217;Eliana participen en una jornada d&#8217;innovaci\u00f3 educativa orientada a la intel\u00b7lig\u00e8ncia emocional\">[+] <\/a><\/div>\n","protected":false},"author":1,"featured_media":63294,"comment_status":"open","ping_status":"open","sticky":false,"template":"","format":"standard","meta":{"footnotes":""},"categories":[46,177,8,3,45],"tags":[10535,10433],"class_list":{"0":"post-63293","1":"post","2":"type-post","3":"status-publish","4":"format-standard","5":"has-post-thumbnail","7":"category-camp-de-turia","8":"category-leliana","9":"category-la-comarca","10":"category-seccion","11":"category-ventana","12":"tag-ajuntament-de-leliana","13":"tag-leliana"},"_links":{"self":[{"href":"https:\/\/www.tucomarca.com\/wordpress\/segunda\/wp-json\/wp\/v2\/posts\/63293","targetHints":{"allow":["GET"]}}],"collection":[{"href":"https:\/\/www.tucomarca.com\/wordpress\/segunda\/wp-json\/wp\/v2\/posts"}],"about":[{"href":"https:\/\/www.tucomarca.com\/wordpress\/segunda\/wp-json\/wp\/v2\/types\/post"}],"author":[{"embeddable":true,"href":"https:\/\/www.tucomarca.com\/wordpress\/segunda\/wp-json\/wp\/v2\/users\/1"}],"replies":[{"embeddable":true,"href":"https:\/\/www.tucomarca.com\/wordpress\/segunda\/wp-json\/wp\/v2\/comments?post=63293"}],"version-history":[{"count":0,"href":"https:\/\/www.tucomarca.com\/wordpress\/segunda\/wp-json\/wp\/v2\/posts\/63293\/revisions"}],"wp:featuredmedia":[{"embeddable":true,"href":"https:\/\/www.tucomarca.com\/wordpress\/segunda\/wp-json\/wp\/v2\/media\/63294"}],"wp:attachment":[{"href":"https:\/\/www.tucomarca.com\/wordpress\/segunda\/wp-json\/wp\/v2\/media?parent=63293"}],"wp:term":[{"taxonomy":"category","embeddable":true,"href":"https:\/\/www.tucomarca.com\/wordpress\/segunda\/wp-json\/wp\/v2\/categories?post=63293"},{"taxonomy":"post_tag","embeddable":true,"href":"https:\/\/www.tucomarca.com\/wordpress\/segunda\/wp-json\/wp\/v2\/tags?post=63293"}],"curies":[{"name":"wp","href":"https:\/\/api.w.org\/{rel}","templated":true}]}}