{"id":633,"date":"2012-05-05T00:29:49","date_gmt":"2012-05-05T00:29:49","guid":{"rendered":"http:\/\/www.tucomarca.com\/wordpress\/segunda\/?p=633"},"modified":"2012-05-05T01:40:28","modified_gmt":"2012-05-05T01:40:28","slug":"video-noticia-celebracion-bodas-de-oro-en-bunol","status":"publish","type":"post","link":"https:\/\/www.tucomarca.com\/wordpress\/segunda\/video-noticia-celebracion-bodas-de-oro-en-bunol\/","title":{"rendered":"V\u00eddeo: Celebraci\u00f3n colectiva bodas de oro en Bu\u00f1ol"},"content":{"rendered":"<p>Varias parejas de Bu\u00f1ol llevan a cabo una inicitiva para proponer a sus  convecinos la celebraci\u00f3n en com\u00fan de las bodas de plata para los  casados en el a\u00f1o 1962 en la localidad.<\/p>\n","protected":false},"excerpt":{"rendered":"<div class=\"mh-excerpt\">Varias parejas de Bu\u00f1ol llevan a cabo una inicitiva para proponer a sus convecinos la celebraci\u00f3n en com\u00fan de las bodas de plata para los casados en el a\u00f1o 1962 en la localidad.<\/div>\n","protected":false},"author":2,"featured_media":0,"comment_status":"open","ping_status":"open","sticky":false,"template":"","format":"standard","meta":{"footnotes":""},"categories":[18,10,7,3,26],"tags":[],"class_list":{"0":"post-633","1":"post","2":"type-post","3":"status-publish","4":"format-standard","6":"category-bunol","7":"category-la-hoya","8":"category-ocio-y-cultura","9":"category-seccion","10":"category-video"},"_links":{"self":[{"href":"https:\/\/www.tucomarca.com\/wordpress\/segunda\/wp-json\/wp\/v2\/posts\/633","targetHints":{"allow":["GET"]}}],"collection":[{"href":"https:\/\/www.tucomarca.com\/wordpress\/segunda\/wp-json\/wp\/v2\/posts"}],"about":[{"href":"https:\/\/www.tucomarca.com\/wordpress\/segunda\/wp-json\/wp\/v2\/types\/post"}],"author":[{"embeddable":true,"href":"https:\/\/www.tucomarca.com\/wordpress\/segunda\/wp-json\/wp\/v2\/users\/2"}],"replies":[{"embeddable":true,"href":"https:\/\/www.tucomarca.com\/wordpress\/segunda\/wp-json\/wp\/v2\/comments?post=633"}],"version-history":[{"count":0,"href":"https:\/\/www.tucomarca.com\/wordpress\/segunda\/wp-json\/wp\/v2\/posts\/633\/revisions"}],"wp:attachment":[{"href":"https:\/\/www.tucomarca.com\/wordpress\/segunda\/wp-json\/wp\/v2\/media?parent=633"}],"wp:term":[{"taxonomy":"category","embeddable":true,"href":"https:\/\/www.tucomarca.com\/wordpress\/segunda\/wp-json\/wp\/v2\/categories?post=633"},{"taxonomy":"post_tag","embeddable":true,"href":"https:\/\/www.tucomarca.com\/wordpress\/segunda\/wp-json\/wp\/v2\/tags?post=633"}],"curies":[{"name":"wp","href":"https:\/\/api.w.org\/{rel}","templated":true}]}}