{"id":63367,"date":"2017-12-09T15:04:55","date_gmt":"2017-12-09T13:04:55","guid":{"rendered":"http:\/\/www.tucomarca.com\/wordpress\/segunda\/?p=63367"},"modified":"2017-12-09T15:05:49","modified_gmt":"2017-12-09T13:05:49","slug":"el-moto-club-bunol-realiza-una-subasta-de-sus-propiedades-previa-a-su-mas-que-posible-desaparicion-como-entidad-social","status":"publish","type":"post","link":"https:\/\/www.tucomarca.com\/wordpress\/segunda\/el-moto-club-bunol-realiza-una-subasta-de-sus-propiedades-previa-a-su-mas-que-posible-desaparicion-como-entidad-social\/","title":{"rendered":"El Moto Club Bu\u00f1ol realiza una subasta de sus propiedades previa a su m\u00e1s que posible desaparici\u00f3n como entidad social"},"content":{"rendered":"<figure id=\"attachment_63374\" aria-describedby=\"caption-attachment-63374\" style=\"width: 260px\" class=\"wp-caption alignleft\"><img loading=\"lazy\" decoding=\"async\" class=\" wp-image-63374\" src=\"https:\/\/www.tucomarca.com\/wordpress\/segunda\/wp-content\/uploads\/2017\/12\/motoclubbunyol.jpg\" alt=\"Logotipo del Moto Club Bu\u00f1ol.\" width=\"260\" height=\"217\" srcset=\"https:\/\/www.tucomarca.com\/wordpress\/segunda\/wp-content\/uploads\/2017\/12\/motoclubbunyol.jpg 676w, https:\/\/www.tucomarca.com\/wordpress\/segunda\/wp-content\/uploads\/2017\/12\/motoclubbunyol-300x251.jpg 300w\" sizes=\"auto, (max-width: 260px) 100vw, 260px\" \/><figcaption id=\"caption-attachment-63374\" class=\"wp-caption-text\">Logotipo del Moto Club Bu\u00f1ol.<\/figcaption><\/figure>\n<p>Tal como han informado fuentes del Moto Club Bu\u00f1ol, despu\u00e9s de la Junta general extraordinaria celebrada el pasado 24 de noviembre,\u00a0donde se present\u00f3 la renuncia de la Directiva,\u00a0se puso fecha m\u00e1xima para la presentaci\u00f3n de la candidatura de la nueva Directiva, que\u00a0culmin\u00f3 el pasado 8 de diciembre sin presentar nueva candidatura.<\/p>\n<p>Por lo que se ha decidido darse de baja en todos los estamentos (Federaci\u00f3n,\u00a0Consejo de Deportes de la\u00a0Comunidad Valenciana, de\u00a0Ayuntamiento\u00a0Bu\u00f1ol, Bu\u00f1ol es Deporte,\u00a0etc\u00e9tera).<\/p>\n<p>Despu\u00e9s de 13 a\u00f1os de realizaci\u00f3n de eventos tales como las matinales,\u00a0rodadas de minimotos,\u00a0clases de seguridad vial o charlas de seguridad en colegios;\u00a0y para culminar este a\u00f1o con una prueba del Campeonato Motodes de la Comunidad Valenciana de Cross Country, desde el Moto Club han querido\u00a0\u00abdar las gracias\u00a0 a todos los colaboradores, tanto a empresas como personas y significativamente al Ayuntamiento de Bu\u00f1ol (concejalia de Deportes),\u00a0que han podido afrontar para tener todos los logros de este modesto Moto Club\u00bb.<\/p>\n<p>\u00abPor todo eso, el Moto Club Bu\u00f1ol va a celebrar una subasta con los enseres que tiene en su sede (el\u00a0s\u00f3tano segundo\u00a0del antiguo Mercado Municipal), donde habr\u00e1 desde un ordenador de torre con monitor de 21&#8243;\u00a0a una\u00a0impresora,\u00a0estufas, calefactor,\u00a0plastificadora,\u00a0walki talkie,\u00a0etc; y que se celebrar\u00e1 el viernes 15 de diciembre a partir de las 19,00 horas.\u00a0Se podr\u00e1 acceder a ver el material desde las 18,45 horas.\u00a0 Todo el mundo puede pujar,\u00a0los precios de salida ser\u00e1n muy econ\u00f3micos.\u00a0Est\u00e1n todos invitados a la subasta de material variado del Moto Club. Bu\u00f1ol\u00bb, han finalizado desde la entidad. Informa, <strong>Elio Zan\u00f3n<\/strong>.<\/p>\n","protected":false},"excerpt":{"rendered":"<div class=\"mh-excerpt\">Tal como han informado fuentes del Moto Club Bu\u00f1ol, despu\u00e9s de la Junta general extraordinaria celebrada el pasado 24 de noviembre,\u00a0donde se present\u00f3 la renuncia de la Directiva,\u00a0se puso fecha m\u00e1xima para la presentaci\u00f3n de <a class=\"mh-excerpt-more\" href=\"https:\/\/www.tucomarca.com\/wordpress\/segunda\/el-moto-club-bunol-realiza-una-subasta-de-sus-propiedades-previa-a-su-mas-que-posible-desaparicion-como-entidad-social\/\" title=\"El Moto Club Bu\u00f1ol realiza una subasta de sus propiedades previa a su m\u00e1s que posible desaparici\u00f3n como entidad social\">[+] <\/a><\/div>\n","protected":false},"author":1,"featured_media":63374,"comment_status":"open","ping_status":"open","sticky":false,"template":"","format":"standard","meta":{"footnotes":""},"categories":[18,6,10,91,3,45],"tags":[10379,5952,10407],"class_list":{"0":"post-63367","1":"post","2":"type-post","3":"status-publish","4":"format-standard","5":"has-post-thumbnail","7":"category-bunol","8":"category-deportes","9":"category-la-hoya","10":"category-motociclismo","11":"category-seccion","12":"category-ventana","13":"tag-deportes","14":"tag-la-hoya-de-bunol-chiva","15":"tag-motociclismo"},"_links":{"self":[{"href":"https:\/\/www.tucomarca.com\/wordpress\/segunda\/wp-json\/wp\/v2\/posts\/63367","targetHints":{"allow":["GET"]}}],"collection":[{"href":"https:\/\/www.tucomarca.com\/wordpress\/segunda\/wp-json\/wp\/v2\/posts"}],"about":[{"href":"https:\/\/www.tucomarca.com\/wordpress\/segunda\/wp-json\/wp\/v2\/types\/post"}],"author":[{"embeddable":true,"href":"https:\/\/www.tucomarca.com\/wordpress\/segunda\/wp-json\/wp\/v2\/users\/1"}],"replies":[{"embeddable":true,"href":"https:\/\/www.tucomarca.com\/wordpress\/segunda\/wp-json\/wp\/v2\/comments?post=63367"}],"version-history":[{"count":0,"href":"https:\/\/www.tucomarca.com\/wordpress\/segunda\/wp-json\/wp\/v2\/posts\/63367\/revisions"}],"wp:featuredmedia":[{"embeddable":true,"href":"https:\/\/www.tucomarca.com\/wordpress\/segunda\/wp-json\/wp\/v2\/media\/63374"}],"wp:attachment":[{"href":"https:\/\/www.tucomarca.com\/wordpress\/segunda\/wp-json\/wp\/v2\/media?parent=63367"}],"wp:term":[{"taxonomy":"category","embeddable":true,"href":"https:\/\/www.tucomarca.com\/wordpress\/segunda\/wp-json\/wp\/v2\/categories?post=63367"},{"taxonomy":"post_tag","embeddable":true,"href":"https:\/\/www.tucomarca.com\/wordpress\/segunda\/wp-json\/wp\/v2\/tags?post=63367"}],"curies":[{"name":"wp","href":"https:\/\/api.w.org\/{rel}","templated":true}]}}