{"id":6343,"date":"2012-08-11T13:34:35","date_gmt":"2012-08-11T11:34:35","guid":{"rendered":"http:\/\/www.tucomarca.com\/wordpress\/segunda\/?p=6343"},"modified":"2012-08-11T13:34:35","modified_gmt":"2012-08-11T11:34:35","slug":"infraestructuras-creara-un-plan-de-transporte-a-demanda-para-pueblos-y-pedanias-del-rincon-de-ademuz","status":"publish","type":"post","link":"https:\/\/www.tucomarca.com\/wordpress\/segunda\/infraestructuras-creara-un-plan-de-transporte-a-demanda-para-pueblos-y-pedanias-del-rincon-de-ademuz\/","title":{"rendered":"Infraestructuras crear\u00e1 un plan de transporte a demanda para pueblos y pedan\u00edas del Rinc\u00f3n de Ademuz"},"content":{"rendered":"<p>El  secretario auton\u00f3mico de Infraestructuras y Transporte, Victoriano  S\u00e1nchez-Barc\u00e1iztegui, ha anunciado hoy que la Conselleria de  Infraestructuras, Territorio y Medio Ambiente  va a sacar un plan de  transporte a demanda para seis rutas de varios pueblos y pedan\u00edas de la  comarca del Rinc\u00f3n de Ademuz.<\/p>\n<p>S\u00e1nchez-Barc\u00e1iztegui ha realizado estas declaraciones tras  mantener una reuni\u00f3n con el alcalde de Castielfabib en la que han  tratado sobre el establecimiento de un nuevo servicio p\u00fablico de  viajeros.<\/p>\n<p>Una vez enviada la petici\u00f3n, est\u00e1 previsto que la Conselleria  de Infraestructuras, Territorio y Medio Ambiente saque a concurso en  septiembre este nuevo servicio.<\/p>\n<p>Seg\u00fan ha explicado el Secretario Auton\u00f3mico, no existir\u00e1 un  horario establecido de las l\u00edneas de transporte, sino que funcionar\u00e1n en  seg\u00fan la demanda de los usuarios. Los veh\u00edculos que se utilizar\u00e1n ser\u00e1n  de nueve plazas.<\/p>\n<p>Las seis rutas que se establecer\u00e1n, teniendo todas ellas el  inicio en Castielfabib, son las siguientes: 1. Castielfabib-Cuesta del  Rato; 2. Castielfabib-Arroyo Cerezo; 3. Castielfabib-Los  Santos-Torrebaja-Mar de los Mudos-Torrealta; 4. Castielfabib-Mas de  Jacinto; 5. Castielfabib-Ademuz-Casas Altas-Casas Bajas; 6.  Castielfabib-Val de la Sabina-Sesga-Mas del Olmo-Puebla de San Miguel.<\/p>\n<p>Por otra parte, el Secretario Auton\u00f3mico tambi\u00e9n ha visitado la  segunda fase de las obras de rehabilitaci\u00f3n de la Casa de la Vila, una  obra del Plan Confianza de la Generalitat.<\/p>\n","protected":false},"excerpt":{"rendered":"<div class=\"mh-excerpt\">El secretario auton\u00f3mico de Infraestructuras y Transporte, Victoriano S\u00e1nchez-Barc\u00e1iztegui, ha anunciado hoy que la Conselleria de Infraestructuras, Territorio y Medio Ambiente va a sacar un plan de transporte a demanda para seis rutas de varios <a class=\"mh-excerpt-more\" href=\"https:\/\/www.tucomarca.com\/wordpress\/segunda\/infraestructuras-creara-un-plan-de-transporte-a-demanda-para-pueblos-y-pedanias-del-rincon-de-ademuz\/\" title=\"Infraestructuras crear\u00e1 un plan de transporte a demanda para pueblos y pedan\u00edas del Rinc\u00f3n de Ademuz\">[+] <\/a><\/div>\n","protected":false},"author":1,"featured_media":0,"comment_status":"open","ping_status":"open","sticky":false,"template":"","format":"standard","meta":{"footnotes":""},"categories":[49,8,3],"tags":[],"class_list":{"0":"post-6343","1":"post","2":"type-post","3":"status-publish","4":"format-standard","6":"category-ademuz","7":"category-la-comarca","8":"category-seccion"},"_links":{"self":[{"href":"https:\/\/www.tucomarca.com\/wordpress\/segunda\/wp-json\/wp\/v2\/posts\/6343","targetHints":{"allow":["GET"]}}],"collection":[{"href":"https:\/\/www.tucomarca.com\/wordpress\/segunda\/wp-json\/wp\/v2\/posts"}],"about":[{"href":"https:\/\/www.tucomarca.com\/wordpress\/segunda\/wp-json\/wp\/v2\/types\/post"}],"author":[{"embeddable":true,"href":"https:\/\/www.tucomarca.com\/wordpress\/segunda\/wp-json\/wp\/v2\/users\/1"}],"replies":[{"embeddable":true,"href":"https:\/\/www.tucomarca.com\/wordpress\/segunda\/wp-json\/wp\/v2\/comments?post=6343"}],"version-history":[{"count":0,"href":"https:\/\/www.tucomarca.com\/wordpress\/segunda\/wp-json\/wp\/v2\/posts\/6343\/revisions"}],"wp:attachment":[{"href":"https:\/\/www.tucomarca.com\/wordpress\/segunda\/wp-json\/wp\/v2\/media?parent=6343"}],"wp:term":[{"taxonomy":"category","embeddable":true,"href":"https:\/\/www.tucomarca.com\/wordpress\/segunda\/wp-json\/wp\/v2\/categories?post=6343"},{"taxonomy":"post_tag","embeddable":true,"href":"https:\/\/www.tucomarca.com\/wordpress\/segunda\/wp-json\/wp\/v2\/tags?post=6343"}],"curies":[{"name":"wp","href":"https:\/\/api.w.org\/{rel}","templated":true}]}}