{"id":6347,"date":"2012-08-11T18:51:25","date_gmt":"2012-08-11T16:51:25","guid":{"rendered":"http:\/\/www.tucomarca.com\/wordpress\/segunda\/?p=6347"},"modified":"2012-08-11T19:17:36","modified_gmt":"2012-08-11T17:17:36","slug":"presentacion-de-las-reinas-del-manton-de-la-sm-%c2%abla-artistica%c2%bb-de-bunol","status":"publish","type":"post","link":"https:\/\/www.tucomarca.com\/wordpress\/segunda\/presentacion-de-las-reinas-del-manton-de-la-sm-%c2%abla-artistica%c2%bb-de-bunol\/","title":{"rendered":"Presentaci\u00f3n de las Reinas del Mant\u00f3n de la SM \u00abLa Art\u00edstica\u00bb de Bu\u00f1ol"},"content":{"rendered":"<figure id=\"attachment_6348\" aria-describedby=\"caption-attachment-6348\" style=\"width: 228px\" class=\"wp-caption alignleft\"><a href=\"https:\/\/www.tucomarca.com\/wordpress\/segunda\/wp-content\/uploads\/2012\/08\/07-F01.jpg\"><img loading=\"lazy\" decoding=\"async\" class=\"size-medium wp-image-6348\" title=\"07-F01\" src=\"https:\/\/www.tucomarca.com\/wordpress\/segunda\/wp-content\/uploads\/2012\/08\/07-F01-228x300.jpg\" alt=\"La nueva Reina del Mant\u00f3n.\" width=\"228\" height=\"300\" srcset=\"https:\/\/www.tucomarca.com\/wordpress\/segunda\/wp-content\/uploads\/2012\/08\/07-F01-228x300.jpg 228w, https:\/\/www.tucomarca.com\/wordpress\/segunda\/wp-content\/uploads\/2012\/08\/07-F01.jpg 284w\" sizes=\"auto, (max-width: 228px) 100vw, 228px\" \/><\/a><figcaption id=\"caption-attachment-6348\" class=\"wp-caption-text\">La nueva Reina del Mant\u00f3n.<\/figcaption><\/figure>\n<p>La Sociedad Musical \u00abLa Art\u00edstica de Bu\u00f1ol prsenta este s\u00e1bado por la noche a partir de las 22,30 horas a sus Reinas del Mant\u00f3n 2012: Silvia Calvo y la ni\u00f1a Laura Gallego, junto con la representante en la corte de honor de la Reina de las Fiestas, Gadea Beltr\u00e1n. La velada comenzar\u00e1 con el desfile desde el local social, Rosales, hasta el teatro Montecarlo, donde se desarrollar\u00e1 el acto protocolario. Posteriormente actuar\u00e1 la banda sinf\u00f3nica dirigida por Henrie Adams.<\/p>\n","protected":false},"excerpt":{"rendered":"<div class=\"mh-excerpt\">La Sociedad Musical \u00abLa Art\u00edstica de Bu\u00f1ol prsenta este s\u00e1bado por la noche a partir de las 22,30 horas a sus Reinas del Mant\u00f3n 2012: Silvia Calvo y la ni\u00f1a Laura Gallego, junto con la <a class=\"mh-excerpt-more\" href=\"https:\/\/www.tucomarca.com\/wordpress\/segunda\/presentacion-de-las-reinas-del-manton-de-la-sm-%c2%abla-artistica%c2%bb-de-bunol\/\" title=\"Presentaci\u00f3n de las Reinas del Mant\u00f3n de la SM \u00abLa Art\u00edstica\u00bb de Bu\u00f1ol\">[+] <\/a><\/div>\n","protected":false},"author":1,"featured_media":6348,"comment_status":"open","ping_status":"open","sticky":false,"template":"","format":"standard","meta":{"footnotes":""},"categories":[4,18,10,383,3],"tags":[],"class_list":{"0":"post-6347","1":"post","2":"type-post","3":"status-publish","4":"format-standard","5":"has-post-thumbnail","7":"category-agenda","8":"category-bunol","9":"category-la-hoya","10":"category-pueblos-en-fiestas","11":"category-seccion"},"_links":{"self":[{"href":"https:\/\/www.tucomarca.com\/wordpress\/segunda\/wp-json\/wp\/v2\/posts\/6347","targetHints":{"allow":["GET"]}}],"collection":[{"href":"https:\/\/www.tucomarca.com\/wordpress\/segunda\/wp-json\/wp\/v2\/posts"}],"about":[{"href":"https:\/\/www.tucomarca.com\/wordpress\/segunda\/wp-json\/wp\/v2\/types\/post"}],"author":[{"embeddable":true,"href":"https:\/\/www.tucomarca.com\/wordpress\/segunda\/wp-json\/wp\/v2\/users\/1"}],"replies":[{"embeddable":true,"href":"https:\/\/www.tucomarca.com\/wordpress\/segunda\/wp-json\/wp\/v2\/comments?post=6347"}],"version-history":[{"count":0,"href":"https:\/\/www.tucomarca.com\/wordpress\/segunda\/wp-json\/wp\/v2\/posts\/6347\/revisions"}],"wp:featuredmedia":[{"embeddable":true,"href":"https:\/\/www.tucomarca.com\/wordpress\/segunda\/wp-json\/wp\/v2\/media\/6348"}],"wp:attachment":[{"href":"https:\/\/www.tucomarca.com\/wordpress\/segunda\/wp-json\/wp\/v2\/media?parent=6347"}],"wp:term":[{"taxonomy":"category","embeddable":true,"href":"https:\/\/www.tucomarca.com\/wordpress\/segunda\/wp-json\/wp\/v2\/categories?post=6347"},{"taxonomy":"post_tag","embeddable":true,"href":"https:\/\/www.tucomarca.com\/wordpress\/segunda\/wp-json\/wp\/v2\/tags?post=6347"}],"curies":[{"name":"wp","href":"https:\/\/api.w.org\/{rel}","templated":true}]}}