{"id":63485,"date":"2017-12-15T12:18:53","date_gmt":"2017-12-15T10:18:53","guid":{"rendered":"http:\/\/www.tucomarca.com\/wordpress\/segunda\/?p=63485"},"modified":"2017-12-15T12:18:53","modified_gmt":"2017-12-15T10:18:53","slug":"la-diputacio-acerca-la-universidad-a-los-municipios-valencianos-a-traves-de-la-reflexion-sobre-temas-de-actualidad","status":"publish","type":"post","link":"https:\/\/www.tucomarca.com\/wordpress\/segunda\/la-diputacio-acerca-la-universidad-a-los-municipios-valencianos-a-traves-de-la-reflexion-sobre-temas-de-actualidad\/","title":{"rendered":"La Diputaci\u00f3 acerca la universidad a los municipios valencianos a trav\u00e9s de la reflexi\u00f3n sobre temas de actualidad"},"content":{"rendered":"<figure id=\"attachment_63486\" aria-describedby=\"caption-attachment-63486\" style=\"width: 399px\" class=\"wp-caption alignleft\"><img loading=\"lazy\" decoding=\"async\" class=\" wp-image-63486\" src=\"https:\/\/www.tucomarca.com\/wordpress\/segunda\/wp-content\/uploads\/2017\/12\/DipuUniversitat.jpg\" alt=\"Se trata de una iniciativa que ha contado con voces de prestigio como las catedr\u00e1ticas Adela Cortina y Mavi Mestre, as\u00ed como un equipo de profesores especialistas en \u00e9tica o acoso escolar.\" width=\"399\" height=\"266\" srcset=\"https:\/\/www.tucomarca.com\/wordpress\/segunda\/wp-content\/uploads\/2017\/12\/DipuUniversitat.jpg 1024w, https:\/\/www.tucomarca.com\/wordpress\/segunda\/wp-content\/uploads\/2017\/12\/DipuUniversitat-300x200.jpg 300w, https:\/\/www.tucomarca.com\/wordpress\/segunda\/wp-content\/uploads\/2017\/12\/DipuUniversitat-768x512.jpg 768w\" sizes=\"auto, (max-width: 399px) 100vw, 399px\" \/><figcaption id=\"caption-attachment-63486\" class=\"wp-caption-text\">Se trata de una iniciativa que ha contado con voces de prestigio como las catedr\u00e1ticas Adela Cortina y Mavi Mestre, as\u00ed como un equipo de profesores especialistas en \u00e9tica o acoso escolar.<\/figcaption><\/figure>\n<p>Contribuir a la formaci\u00f3n y a la transferencia de conocimientos a la sociedad en el \u00e1mbito local, en su dimensi\u00f3n territorial, comunitaria y ciudadana. Ha sido el principal objetivo del programa \u2018Bienestar, Formaci\u00f3n, Territorio\u2019, que ha organizado su segunda edici\u00f3n, una iniciativa organizada conjuntamente por la Diputaci\u00f3 y la Universitat de Val\u00e8ncia.<\/p>\n<p>Este jueves tiene lugar la \u00faltima de las jornadas, que se celebra en l\u2019Eliana y en la que estar\u00e1 presente la diputada de Bienestar Social, Salud y Educaci\u00f3n, Mercedes Berenguer. Con ella se pone el cierre a una edici\u00f3n que ha recorrido las comarcas valencianas, centr\u00e1ndose en dos ejes tem\u00e1ticos b\u00e1sicos: por un lado, la \u00e9tica, valores c\u00edvicos y ciudadan\u00eda; y por otro, en infancia, adolescencia y violencia escolar.<\/p>\n<p>Cerca de 250 personas han asistido a las distintas jornadas que han recorrido seis municipios valencianos: Gestalgar, en Los Serranos; Alzira, en la Ribera Alta; Picassent y Alfafar en l\u2019Horta Sud; Burjassot en l\u2019Horta Nord; y l\u2019Eliana en Camp de Turia. \u201cSe trata de trasladar el conocimiento a los municipios y tener en cuenta sus demandas\u201d, ha se\u00f1alado la diputada de Bienestar Social, Salud y Educaci\u00f3n, Mercedes Berenguer.<\/p>\n<p>EL objetivo de esta iniciativa ha sido hacer llegar a los municipios de diferentes caracter\u00edsticas, poblaci\u00f3n y entorno todos aquellos conocimientos que se generan en el \u00e1mbito universitario y que de esta forma han estado accesibles a la ciudadan\u00eda. Para el vicerrector de Participaci\u00f3n y Proyecci\u00f3n Territorial, Jorge Hermosilla, la convocatoria ha sido un \u00e9xito, ya que \u201cno s\u00f3lo hemos llegado a seis poblaciones valencianas, tanto de litoral como de interior, n\u00facleos grandes y peque\u00f1os, sino que adem\u00e1s hemos compartido y debatido con asistentes muy implicados e interesados en las tem\u00e1ticas propuestas\u201d.<\/p>\n<p>Las jornadas han estado formadas por mesas redondas coordinadas por la catedr\u00e1tica de \u00c9tica y Filosof\u00eda Pol\u00edtica, Adela Cortina, y por la catedr\u00e1tica de Psicolog\u00eda B\u00e1sica, Mavi Mestre, y en ellas han participado un equipo de profesores especialistas de la Universitat de Val\u00e8ncia. A lo largo de estos d\u00edas se ha debatido sobre cuestiones como los valores de la ciudadan\u00eda para la convivencia y los derechos humanos, el acoso escolar, la violencia de pareja o la diversidad funcional.<\/p>\n","protected":false},"excerpt":{"rendered":"<div class=\"mh-excerpt\">Contribuir a la formaci\u00f3n y a la transferencia de conocimientos a la sociedad en el \u00e1mbito local, en su dimensi\u00f3n territorial, comunitaria y ciudadana. Ha sido el principal objetivo del programa \u2018Bienestar, Formaci\u00f3n, Territorio\u2019, que <a class=\"mh-excerpt-more\" href=\"https:\/\/www.tucomarca.com\/wordpress\/segunda\/la-diputacio-acerca-la-universidad-a-los-municipios-valencianos-a-traves-de-la-reflexion-sobre-temas-de-actualidad\/\" title=\"La Diputaci\u00f3 acerca la universidad a los municipios valencianos a trav\u00e9s de la reflexi\u00f3n sobre temas de actualidad\">[+] <\/a><\/div>\n","protected":false},"author":1,"featured_media":63486,"comment_status":"open","ping_status":"open","sticky":false,"template":"","format":"standard","meta":{"footnotes":""},"categories":[69,46,193,177,8,72,42,59,7,3],"tags":[10395,204,10400],"class_list":{"0":"post-63485","1":"post","2":"type-post","3":"status-publish","4":"format-standard","5":"has-post-thumbnail","7":"category-alzira","8":"category-camp-de-turia","9":"category-gestalgar","10":"category-leliana","11":"category-la-comarca","12":"category-sin-categorizar","13":"category-la-ribera","14":"category-los-serranos","15":"category-ocio-y-cultura","16":"category-seccion","17":"tag-camp-de-turia","18":"tag-diputacion","19":"tag-los-serranos"},"_links":{"self":[{"href":"https:\/\/www.tucomarca.com\/wordpress\/segunda\/wp-json\/wp\/v2\/posts\/63485","targetHints":{"allow":["GET"]}}],"collection":[{"href":"https:\/\/www.tucomarca.com\/wordpress\/segunda\/wp-json\/wp\/v2\/posts"}],"about":[{"href":"https:\/\/www.tucomarca.com\/wordpress\/segunda\/wp-json\/wp\/v2\/types\/post"}],"author":[{"embeddable":true,"href":"https:\/\/www.tucomarca.com\/wordpress\/segunda\/wp-json\/wp\/v2\/users\/1"}],"replies":[{"embeddable":true,"href":"https:\/\/www.tucomarca.com\/wordpress\/segunda\/wp-json\/wp\/v2\/comments?post=63485"}],"version-history":[{"count":0,"href":"https:\/\/www.tucomarca.com\/wordpress\/segunda\/wp-json\/wp\/v2\/posts\/63485\/revisions"}],"wp:featuredmedia":[{"embeddable":true,"href":"https:\/\/www.tucomarca.com\/wordpress\/segunda\/wp-json\/wp\/v2\/media\/63486"}],"wp:attachment":[{"href":"https:\/\/www.tucomarca.com\/wordpress\/segunda\/wp-json\/wp\/v2\/media?parent=63485"}],"wp:term":[{"taxonomy":"category","embeddable":true,"href":"https:\/\/www.tucomarca.com\/wordpress\/segunda\/wp-json\/wp\/v2\/categories?post=63485"},{"taxonomy":"post_tag","embeddable":true,"href":"https:\/\/www.tucomarca.com\/wordpress\/segunda\/wp-json\/wp\/v2\/tags?post=63485"}],"curies":[{"name":"wp","href":"https:\/\/api.w.org\/{rel}","templated":true}]}}