{"id":63488,"date":"2017-12-15T12:23:03","date_gmt":"2017-12-15T10:23:03","guid":{"rendered":"http:\/\/www.tucomarca.com\/wordpress\/segunda\/?p=63488"},"modified":"2017-12-15T16:28:08","modified_gmt":"2017-12-15T14:28:08","slug":"la-diputacio-construira-seis-nuevos-centros-sociales-publicos-con-una-inversion-bianual-de-11-millones-de-euros","status":"publish","type":"post","link":"https:\/\/www.tucomarca.com\/wordpress\/segunda\/la-diputacio-construira-seis-nuevos-centros-sociales-publicos-con-una-inversion-bianual-de-11-millones-de-euros\/","title":{"rendered":"La Diputaci\u00f3 construir\u00e1 seis nuevos centros sociales p\u00fablicos con una inversi\u00f3n bianual de 11 millones de euros"},"content":{"rendered":"<p>La Diputaci\u00f3 de Val\u00e8ncia invertir\u00e1 11.019.428 euros durante los ejercicios 2018 y 2019 en la construcci\u00f3n de seis nuevos centros sociales comarcales de titularidad p\u00fablica en las localidades de Ademuz, Agullent, Aras de los Olmos, la Font de la Figuera, Meliana y Mislata. Unos centros que ser\u00e1n una realidad gracias al segundo programa de colaboraci\u00f3n en materia de infraestructuras sociales suscrito por la Corporaci\u00f3n Provincial, la Generalitat Valenciana y los ayuntamientos, y el cual ha sido presentado por la vicepresidenta de la Diputaci\u00f3 de Val\u00e8ncia, Maria Josep Amig\u00f3, la vicepresidenta y consellera de Igualdad y Pol\u00edticas Inclusivas, M\u00f3nica Oltra, y la diputada de Bienestar Social, Mercedes Berenguer.<\/p>\n<p>Maria Josep Amig\u00f3 ha incidido en que la puesta en funcionamiento de estos servicios \u00abest\u00e1 haciendo posible la creaci\u00f3n de plazas p\u00fablicas de centros sociales en el territorio valenciano por primera vez en los \u00faltimos 20 a\u00f1os\u00bb. En este sentido, la vicepresidenta ha subrayado que la inversi\u00f3n de estos 11 millones, sumados a los cerca de seis millones invertidos en 2017, \u00abpermitir\u00e1 la creaci\u00f3n de m\u00e1s de 500 nuevas plazas p\u00fablicas en centros sociales de alcance comarcal, distribuidos territorialmente por 10 comarcas diferentes de la demarcaci\u00f3n de Valencia\u00bb.<\/p>\n<p>Asimismo, Maria Josep Amig\u00f3 ha considerado la materializaci\u00f3n de este programa como \u00abmod\u00e9lico en cuanto a la colaboraci\u00f3n insterinstitucional: los Ayuntamientos ponen el suelo o los edificios municipales a rehabilitar; la Conselleria establece las prioridades a partir de criterios objetivos y se encarga de cubrir los gastos derivados del funcionamiento de los centros; mientras que la Diputaci\u00f3 financia su construcci\u00f3n\u00bb.<\/p>\n<p>Por su parte, la vicepresidenta y consellera de Igualdad y Pol\u00edticas Inclusivas, M\u00f3nica Oltra, ha explicado que el principal objetivo que persigue esta colaboraci\u00f3n radica en \u00abcrear una red p\u00fablica potente, con servicios de calidad en todo el territorio valenciano para alcanzar un verdadero sistema de servicios sociales\u00bb. Con el fin de que esta red sea una realidad, Oltra ha defendido que \u00abla colaboraci\u00f3n entre las diferentes administraciones resulta fundamental para poder atender a las personas y, m\u00e1s en concreto, a las m\u00e1s vulnerables tras una par\u00e1lisis de dos d\u00e9cadas donde los gobernantes ten\u00edan otras prioridades\u00bb.<\/p>\n<p>Para la planificaci\u00f3n y construcci\u00f3n de los nuevos centros sociales, M\u00f3nica Oltra ha detallado que \u00abse han considerado criterios t\u00e9cnicos\u00bb. En este sentido, ha apuntado que se ha prestado atenci\u00f3n al listado de necesidades municipales y comarcales; el grado de desarrollo del proyecto por parte de los municipios \u00abpara favorecer su celeridad y puesta en funcionamiento\u00bb; la titularidad municipal del solar o del edificio a rehabilitar; el compromiso de tener una vocaci\u00f3n comarcal; que su ubicaci\u00f3n cuente con buenas comunicaciones y disponga de servicios b\u00e1sicos cercanos; adem\u00e1s de criterios como la atenci\u00f3n a las zonas con infradotaci\u00f3n por causa de baja densidad de poblaci\u00f3n y demogr\u00e1ficos. Del mismo modo, Oltra ha incidido en que mediante este programa se pretende tambi\u00e9n \u00abcoordinar las actividades relacionadas con la inversi\u00f3n p\u00fablica en infraestructuras sociales para evitar la dispersi\u00f3n y paliar la despoblaci\u00f3n, adem\u00e1s de conseguir una mayor eficacia y eficiencia en la prestaci\u00f3n de los servicios sociales\u00bb.<\/p>\n<p>En esta misma l\u00ednea, la diputada Mercedes Barenguer ha calificado esta colaboraci\u00f3n de \u00abmuy satisfactoria\u00bb, en la medida en que \u00abnos permite a las administraciones dar respuesta y atender las necesidades de las personas con el fin de contribuir a su bienestar\u00bb. Es por ello que \u00abse acab\u00f3 la confrontaci\u00f3n entre las administraciones y ha llegado el momento de unir esfuerzos y trabajar por las personas\u00bb, ha reivindicado Berenguer.<\/p>\n<p>El \u00e1rea de Bienestar gestionar\u00e1 unas ayudas que, en palabras de Berenguer, \u00abvan destinadas directamente a mejorar la calidad de vida de las personas y que sirven adem\u00e1s como lugar de encuentro y socializaci\u00f3n\u00bb. \u00abEstas actuaciones son necesarias para las personas y dan respuesta a sus problemas\u00bb, ha a\u00f1adido la titular de Bienestar.<\/p>\n<p><strong>Centros de servicio comarcal<\/strong><\/p>\n<p>En concreto, de los 11.019.428 euros contemplados en este segundo programa bianual (2018-2019) de colaboraci\u00f3n en materia de infraestructuras sociales, 816.441 euros se destinar\u00e1n a sufragar la rehabilitaci\u00f3n de un edificio municipal en Ademuz que albergar\u00e1 un Centro de d\u00eda para personas mayores (35-40 plazas) y un taller ocupacional para personas con diversidad funcional.<\/p>\n<p>La localidad de Agullent contar\u00e1 con 600.615 euros para la construcci\u00f3n de un Centro de D\u00eda para personas mayores, que dispondr\u00e1 de 25 nuevas plazas. Del mismo modo, que Aras de los Olmos recibir\u00e1 177.143 euros para la rehabilitaci\u00f3n de un edificio de titularidad municipal que albergar\u00e1 un centro social multifuncional para personas mayores de 65 a\u00f1os que viven solas.<\/p>\n<p>Por otra parte, la Font de la Figuera contar\u00e1 con una disposici\u00f3n econ\u00f3mica por valor de 1.322.856 euros para la construcci\u00f3n de un Centro de D\u00eda para personas mayores, dotado con 40 plazas. Meliana recibir\u00e1 3.706.437 euros para un nuevo Centro de D\u00eda para personas mayores con una disposici\u00f3n de entre 60 y 100 plazas. Mientras que Mislata contar\u00e1 con 4.395.938 euros para sufragar el proyecto de rehabilitaci\u00f3n del antiguo Hospital Militar, el cual acoger\u00e1 una residencia de tercera edad dotada con 40 plazas y un Centro de D\u00eda habilitado para 60 personas.<\/p>\n<p>El conjunto de estas infraestructuras se suman a las financiadas durante el presente ejercicio 2017 por valor de 5.589.725 euros. Este es el caso del proyecto para la construcci\u00f3n del Centro de D\u00eda de enfermos mentales y el Centro de Integraci\u00f3n y Rehabilitaci\u00f3n (CRIS) de Carcaixent, el cual se encuentra actualmente en proceso de licitaci\u00f3n. La residencia para personas con diversidad funcional intelectual de Paterna, que en estos momentos se encuentra en fase de adjudicaci\u00f3n. El proyecto de residencia para personas con diversidad funcional intelectual y Centro de D\u00eda de Sueca, del que actualmente se est\u00e1n elaborando los pliegos de licitaci\u00f3n. Y, finalmente, el Centro de Recepci\u00f3n de menores de Ll\u00edria.<\/p>\n","protected":false},"excerpt":{"rendered":"<div class=\"mh-excerpt\">La Diputaci\u00f3 de Val\u00e8ncia invertir\u00e1 11.019.428 euros durante los ejercicios 2018 y 2019 en la construcci\u00f3n de seis nuevos centros sociales comarcales de titularidad p\u00fablica en las localidades de Ademuz, Agullent, Aras de los Olmos, <a class=\"mh-excerpt-more\" href=\"https:\/\/www.tucomarca.com\/wordpress\/segunda\/la-diputacio-construira-seis-nuevos-centros-sociales-publicos-con-una-inversion-bianual-de-11-millones-de-euros\/\" title=\"La Diputaci\u00f3 construir\u00e1 seis nuevos centros sociales p\u00fablicos con una inversi\u00f3n bianual de 11 millones de euros\">[+] <\/a><\/div>\n","protected":false},"author":1,"featured_media":63489,"comment_status":"open","ping_status":"open","sticky":false,"template":"","format":"standard","meta":{"footnotes":""},"categories":[49,223,101,72,59,45,26],"tags":[204],"class_list":{"0":"post-63488","1":"post","2":"type-post","3":"status-publish","4":"format-standard","5":"has-post-thumbnail","7":"category-ademuz","8":"category-ademuz-ademuz","9":"category-aras-de-olmos","10":"category-sin-categorizar","11":"category-los-serranos","12":"category-ventana","13":"category-video","14":"tag-diputacion"},"_links":{"self":[{"href":"https:\/\/www.tucomarca.com\/wordpress\/segunda\/wp-json\/wp\/v2\/posts\/63488","targetHints":{"allow":["GET"]}}],"collection":[{"href":"https:\/\/www.tucomarca.com\/wordpress\/segunda\/wp-json\/wp\/v2\/posts"}],"about":[{"href":"https:\/\/www.tucomarca.com\/wordpress\/segunda\/wp-json\/wp\/v2\/types\/post"}],"author":[{"embeddable":true,"href":"https:\/\/www.tucomarca.com\/wordpress\/segunda\/wp-json\/wp\/v2\/users\/1"}],"replies":[{"embeddable":true,"href":"https:\/\/www.tucomarca.com\/wordpress\/segunda\/wp-json\/wp\/v2\/comments?post=63488"}],"version-history":[{"count":0,"href":"https:\/\/www.tucomarca.com\/wordpress\/segunda\/wp-json\/wp\/v2\/posts\/63488\/revisions"}],"wp:featuredmedia":[{"embeddable":true,"href":"https:\/\/www.tucomarca.com\/wordpress\/segunda\/wp-json\/wp\/v2\/media\/63489"}],"wp:attachment":[{"href":"https:\/\/www.tucomarca.com\/wordpress\/segunda\/wp-json\/wp\/v2\/media?parent=63488"}],"wp:term":[{"taxonomy":"category","embeddable":true,"href":"https:\/\/www.tucomarca.com\/wordpress\/segunda\/wp-json\/wp\/v2\/categories?post=63488"},{"taxonomy":"post_tag","embeddable":true,"href":"https:\/\/www.tucomarca.com\/wordpress\/segunda\/wp-json\/wp\/v2\/tags?post=63488"}],"curies":[{"name":"wp","href":"https:\/\/api.w.org\/{rel}","templated":true}]}}