{"id":63501,"date":"2017-12-15T12:20:17","date_gmt":"2017-12-15T10:20:17","guid":{"rendered":"http:\/\/www.tucomarca.com\/wordpress\/segunda\/?p=63501"},"modified":"2017-12-15T12:20:17","modified_gmt":"2017-12-15T10:20:17","slug":"comencen-els-festivals-i-exhibicions-de-diferents-modalitats-de-les-escoles-esportives-municipals-a-leliana","status":"publish","type":"post","link":"https:\/\/www.tucomarca.com\/wordpress\/segunda\/comencen-els-festivals-i-exhibicions-de-diferents-modalitats-de-les-escoles-esportives-municipals-a-leliana\/","title":{"rendered":"Comencen els festivals i exhibicions de diferents modalitats de les Escoles Esportives Municipals a L&#8217;Eliana"},"content":{"rendered":"<figure id=\"attachment_63502\" aria-describedby=\"caption-attachment-63502\" style=\"width: 1352px\" class=\"wp-caption alignleft\"><img loading=\"lazy\" decoding=\"async\" class=\"size-full wp-image-63502\" src=\"https:\/\/www.tucomarca.com\/wordpress\/segunda\/wp-content\/uploads\/2017\/12\/LElianaPapaNoel.jpg\" alt=\"Les Escoles Esportives Municipals han preparat un calendari de festivals amb el qual oferiran exhibicions dels seus progressos en diferents modalitats.\" width=\"1352\" height=\"746\" srcset=\"https:\/\/www.tucomarca.com\/wordpress\/segunda\/wp-content\/uploads\/2017\/12\/LElianaPapaNoel.jpg 1352w, https:\/\/www.tucomarca.com\/wordpress\/segunda\/wp-content\/uploads\/2017\/12\/LElianaPapaNoel-300x166.jpg 300w, https:\/\/www.tucomarca.com\/wordpress\/segunda\/wp-content\/uploads\/2017\/12\/LElianaPapaNoel-768x424.jpg 768w, https:\/\/www.tucomarca.com\/wordpress\/segunda\/wp-content\/uploads\/2017\/12\/LElianaPapaNoel-1024x565.jpg 1024w\" sizes=\"auto, (max-width: 1352px) 100vw, 1352px\" \/><figcaption id=\"caption-attachment-63502\" class=\"wp-caption-text\">Les Escoles Esportives Municipals han preparat un calendari de festivals amb el qual oferiran exhibicions dels seus progressos en diferents modalitats.<\/figcaption><\/figure>\n<p>&nbsp;<\/p>\n<p>Ahir es va iniciar el calendari de festivals nadalencs que s&#8217;organitza des de les Escoles Esportives Municipals (EEM) de l&#8217;Eliana. La primera activitat es va oferir al Centre Sociocultural del municipi, i en ella van participat els xiquets i xiquetes inscrits en Dansa&#8230; els quals, a m\u00e9s, van rebre la visita de Pap\u00e0 Noel.<\/p>\n<p>La propera cita ser\u00e0 el campionat de tenis que es disputar\u00e0 el pr\u00f2xim dissabte, 16 de desembre, a partir de les 9:15 hores. Una bona oportunitat per presenciar els avan\u00e7os dels integrants d&#8217;un dels esports de raqueta amb m\u00e9s arrelament a l&#8217;Eliana.<\/p>\n<p>En la setmana seg\u00fcent, s&#8217;aniran succeint les propostes: el dimarts, 19 de desembre, s&#8217;oferir\u00e0 un Festival de Taekwondo (a partir de les 17:30 hores) a la Sala de Ball que es troba sota el Pavell\u00f3 Municipal. Aquest mateix dia tamb\u00e9 s&#8217;ofrerir\u00e0 el Festival de Gimn\u00e0stica R\u00edtmica (en el Pavell\u00f3 Municipal, a partir de les 18:00 hores).<\/p>\n<p>El dimecres 20, triple oferta: a les 18:15 hores, exhibici\u00f3 de Karate en el Poliesportiu; a les 18:30 hores, Festival de Patinatge Art\u00edstic en la pista exterior d&#8217;aquesta infraestructura municipal. I, de 17:00 a 20 hores, jornada dedicada al Judo (a la Sala habilitada per practicar aquesta modalitat). El dijous, 21 de desembre, tamb\u00e9 hi haur\u00e0 una jornada de Judo (amb id\u00e8ntic horari i en el mateix lloc).<\/p>\n<p>Les propostes acabaran el divendres, 22 de desembre. D&#8217;una banda, es podr\u00e0 practicar Ioga en fam\u00edlia (a les 18:30 hores, a la sala de Dansa, sota el Pavell\u00f3). Hi haur\u00e0, aix\u00ed mateix, una jornada de portes obertes per pintar mandales (il\u00b7lustracions que evoquen al budisme i l&#8217;hinduisme, i s\u00f3n usades com a t\u00e8cnica de relaxaci\u00f3 i antiestr\u00e9s quan se les dona color).<\/p>\n","protected":false},"excerpt":{"rendered":"<div class=\"mh-excerpt\">&nbsp; Ahir es va iniciar el calendari de festivals nadalencs que s&#8217;organitza des de les Escoles Esportives Municipals (EEM) de l&#8217;Eliana. La primera activitat es va oferir al Centre Sociocultural del municipi, i en ella <a class=\"mh-excerpt-more\" href=\"https:\/\/www.tucomarca.com\/wordpress\/segunda\/comencen-els-festivals-i-exhibicions-de-diferents-modalitats-de-les-escoles-esportives-municipals-a-leliana\/\" title=\"Comencen els festivals i exhibicions de diferents modalitats de les Escoles Esportives Municipals a L&#8217;Eliana\">[+] <\/a><\/div>\n","protected":false},"author":1,"featured_media":63502,"comment_status":"open","ping_status":"open","sticky":false,"template":"","format":"standard","meta":{"footnotes":""},"categories":[4,46,177,7,3],"tags":[10395],"class_list":{"0":"post-63501","1":"post","2":"type-post","3":"status-publish","4":"format-standard","5":"has-post-thumbnail","7":"category-agenda","8":"category-camp-de-turia","9":"category-leliana","10":"category-ocio-y-cultura","11":"category-seccion","12":"tag-camp-de-turia"},"_links":{"self":[{"href":"https:\/\/www.tucomarca.com\/wordpress\/segunda\/wp-json\/wp\/v2\/posts\/63501","targetHints":{"allow":["GET"]}}],"collection":[{"href":"https:\/\/www.tucomarca.com\/wordpress\/segunda\/wp-json\/wp\/v2\/posts"}],"about":[{"href":"https:\/\/www.tucomarca.com\/wordpress\/segunda\/wp-json\/wp\/v2\/types\/post"}],"author":[{"embeddable":true,"href":"https:\/\/www.tucomarca.com\/wordpress\/segunda\/wp-json\/wp\/v2\/users\/1"}],"replies":[{"embeddable":true,"href":"https:\/\/www.tucomarca.com\/wordpress\/segunda\/wp-json\/wp\/v2\/comments?post=63501"}],"version-history":[{"count":0,"href":"https:\/\/www.tucomarca.com\/wordpress\/segunda\/wp-json\/wp\/v2\/posts\/63501\/revisions"}],"wp:featuredmedia":[{"embeddable":true,"href":"https:\/\/www.tucomarca.com\/wordpress\/segunda\/wp-json\/wp\/v2\/media\/63502"}],"wp:attachment":[{"href":"https:\/\/www.tucomarca.com\/wordpress\/segunda\/wp-json\/wp\/v2\/media?parent=63501"}],"wp:term":[{"taxonomy":"category","embeddable":true,"href":"https:\/\/www.tucomarca.com\/wordpress\/segunda\/wp-json\/wp\/v2\/categories?post=63501"},{"taxonomy":"post_tag","embeddable":true,"href":"https:\/\/www.tucomarca.com\/wordpress\/segunda\/wp-json\/wp\/v2\/tags?post=63501"}],"curies":[{"name":"wp","href":"https:\/\/api.w.org\/{rel}","templated":true}]}}