{"id":63521,"date":"2017-12-15T16:18:45","date_gmt":"2017-12-15T14:18:45","guid":{"rendered":"http:\/\/www.tucomarca.com\/wordpress\/segunda\/?p=63521"},"modified":"2017-12-15T16:19:51","modified_gmt":"2017-12-15T14:19:51","slug":"betoret-pp-el-consell-destina-mas-dinero-a-sus-seis-nuevas-empresas-que-a-toda-la-provincia-de-valencia","status":"publish","type":"post","link":"https:\/\/www.tucomarca.com\/wordpress\/segunda\/betoret-pp-el-consell-destina-mas-dinero-a-sus-seis-nuevas-empresas-que-a-toda-la-provincia-de-valencia\/","title":{"rendered":"Betoret (PP): \u00abel Consell destina m\u00e1s dinero a sus seis nuevas empresas que a toda la provincia de Valencia\u00bb"},"content":{"rendered":"<figure id=\"attachment_63525\" aria-describedby=\"caption-attachment-63525\" style=\"width: 491px\" class=\"wp-caption alignleft\"><img loading=\"lazy\" decoding=\"async\" class=\" wp-image-63525\" src=\"https:\/\/www.tucomarca.com\/wordpress\/segunda\/wp-content\/uploads\/2017\/12\/betoretbunyol.jpg\" alt=\"Betoret ha se\u00f1alado que las enmiendas del PP est\u00e1n encaminadas evitar \u201ccaos\u201d comos los vividos en el centro de Menores de Bu\u00f1ol donde la vicepresidenta ha \u201cfracasado\u201d generando una situaci\u00f3n de \u201cdescontrol y descoordinaci\u00f3n que pagan los m\u00e1s d\u00e9biles\u201d.\" width=\"491\" height=\"368\" srcset=\"https:\/\/www.tucomarca.com\/wordpress\/segunda\/wp-content\/uploads\/2017\/12\/betoretbunyol.jpg 1024w, https:\/\/www.tucomarca.com\/wordpress\/segunda\/wp-content\/uploads\/2017\/12\/betoretbunyol-300x225.jpg 300w, https:\/\/www.tucomarca.com\/wordpress\/segunda\/wp-content\/uploads\/2017\/12\/betoretbunyol-768x576.jpg 768w\" sizes=\"auto, (max-width: 491px) 100vw, 491px\" \/><figcaption id=\"caption-attachment-63525\" class=\"wp-caption-text\"><em>Betoret ha se\u00f1alado que las enmiendas del PP est\u00e1n encaminadas evitar \u201ccaos\u201d comos los vividos en el centro de Menores de Bu\u00f1ol donde la vicepresidenta ha \u201cfracasado\u201d generando una situaci\u00f3n de \u201cdescontrol y descoordinaci\u00f3n que pagan los m\u00e1s d\u00e9biles\u201d.<\/em><\/figcaption><\/figure>\n<p>El portavoz adjunto del Grupo Parlamentario Popular, Vicente Betoret, ha denunciado hoy que el Consell \u00abdestina m\u00e1s dinero a sus seis nuevas empresas p\u00fablicas que a las inversiones relacionadas con los 266 municipios de la provincia\u201d, seg\u00fan ha dicho.<\/p>\n<p>Betoret se ha expresado en estos t\u00e9rminos tras mantener una reuni\u00f3n de trabajo con los portavoces de la comarca de La Bu\u00f1ol-Chiva para explicarles el \u2018castigo\u201d de los presupuestos de PSPV y Compromis a la comarca.<\/p>\n<p>El GPP ha presentado m\u00e1s de 300 enmiendas a los PGV relacionadas directamente con los 266 municipios de la provincia que prev\u00e9n 500 actuaciones.<\/p>\n<p>Betoret ha se\u00f1alado que en 2016, se quedaron por ejecutar m\u00e1s de 1.000 millones de euros y solo en materia de inversiones \u201cse quedaron en el caj\u00f3n\u201d 280 millones de manera que \u201ccon lo que el Consell dej\u00f3 de ejecutar en la provincia de Valencia en 2016 se podr\u00edan hacer las 500 actuaciones pendientes\u201d se podr\u00edan construir o mejorar 110 colegios, hacer o mejorar 270 carreteras y construir o modificar 35 centros de salud y hospitales.<\/p>\n<p>Vicente Betoret ha explicado\u00a0que las enmiendas del PP est\u00e1n encaminadas evitar \u201ccaos\u201d como los vividos en el centro de Menores de Bu\u00f1ol donde la vicepresidenta ha \u201cfracasado\u201d generando una situaci\u00f3n de \u201cdescontrol y descoordinaci\u00f3n que pagan los m\u00e1s d\u00e9biles\u201d. As\u00ed, ha recordado que Oltra en 2016 ha ejecutado cero euros en centros de menores, y a d\u00eda de hoy solo ha ejecutado el 54% del programa de menores e infancia o el 49% de gastos de funcionamiento, o la que solo ha pagado el 45% del presupuesto. Entre las propuestas tambi\u00e9n se encuentra la toma de medidas para evitar crisis sanitaria como las vividas este verano en Chiva y Torrent a cuenta de la gesti\u00f3n del brote de Legionela y el impulso del tejido empresarial de la zona.<\/p>\n<p>As\u00ed, en materia de infraestructuras el GPP ha defendido \u00abel desdoblamiento y la mejora de la CV-50, el desdoblamiento de la CV-378 desde el caso urbano y al pol\u00edgono industrial, la mejora de la carretera entre Bu\u00f1ol con Alborache, Macastre y Y\u00e1tova y la ampliaci\u00f3n de la CV-429. Adem\u00e1s, el PP defiende la creaci\u00f3n de un nuevo puente sobre el barranco Chiva y la creaci\u00f3n de la v\u00eda verde perimetral para peatones\u00bb.<\/p>\n<p>En materia educativa, han presentado enmiendas para \u00abconstruir la pista deportiva en Alborache y la puesta en marcha del gimnasio municipal, la construcci\u00f3n de un nuevo CEIP en Y\u00e1tova y el colegio Doctor Coracha de Chiva\u00bb.<\/p>\n<p>As\u00ed mismo, han defendido \u00abdestinar 4 millones de euros para la construcci\u00f3n de la nueva EDAR de Y\u00e1tova y conectar el Parque Fluvial con la ruta de los Molinos de Alborache por 10 millones de euros y la ejecuci\u00f3n de obras de escorrent\u00edas de la Cuesta Roya en Bu\u00f1ol\u00bb.<\/p>\n<p>\u201cMientras bajan las inversiones suben los impuestos\u201d, ha denunciado, ya que desde que gobiernan PSPV y Comprom\u00eds \u00abel gasto social ha bajado 3,3% y los Impuestos y las Tasas se han incrementado en 1.564 Millones, es decir un 15,8%\u00bb, tal como ha asegurado.<\/p>\n","protected":false},"excerpt":{"rendered":"<div class=\"mh-excerpt\">El portavoz adjunto del Grupo Parlamentario Popular, Vicente Betoret, ha denunciado hoy que el Consell \u00abdestina m\u00e1s dinero a sus seis nuevas empresas p\u00fablicas que a las inversiones relacionadas con los 266 municipios de la <a class=\"mh-excerpt-more\" href=\"https:\/\/www.tucomarca.com\/wordpress\/segunda\/betoret-pp-el-consell-destina-mas-dinero-a-sus-seis-nuevas-empresas-que-a-toda-la-provincia-de-valencia\/\" title=\"Betoret (PP): \u00abel Consell destina m\u00e1s dinero a sus seis nuevas empresas que a toda la provincia de Valencia\u00bb\">[+] <\/a><\/div>\n","protected":false},"author":2,"featured_media":63525,"comment_status":"open","ping_status":"open","sticky":false,"template":"","format":"standard","meta":{"footnotes":""},"categories":[18,10,142,3,45],"tags":[],"class_list":{"0":"post-63521","1":"post","2":"type-post","3":"status-publish","4":"format-standard","5":"has-post-thumbnail","7":"category-bunol","8":"category-la-hoya","9":"category-politica-la-comarca","10":"category-seccion","11":"category-ventana"},"_links":{"self":[{"href":"https:\/\/www.tucomarca.com\/wordpress\/segunda\/wp-json\/wp\/v2\/posts\/63521","targetHints":{"allow":["GET"]}}],"collection":[{"href":"https:\/\/www.tucomarca.com\/wordpress\/segunda\/wp-json\/wp\/v2\/posts"}],"about":[{"href":"https:\/\/www.tucomarca.com\/wordpress\/segunda\/wp-json\/wp\/v2\/types\/post"}],"author":[{"embeddable":true,"href":"https:\/\/www.tucomarca.com\/wordpress\/segunda\/wp-json\/wp\/v2\/users\/2"}],"replies":[{"embeddable":true,"href":"https:\/\/www.tucomarca.com\/wordpress\/segunda\/wp-json\/wp\/v2\/comments?post=63521"}],"version-history":[{"count":0,"href":"https:\/\/www.tucomarca.com\/wordpress\/segunda\/wp-json\/wp\/v2\/posts\/63521\/revisions"}],"wp:featuredmedia":[{"embeddable":true,"href":"https:\/\/www.tucomarca.com\/wordpress\/segunda\/wp-json\/wp\/v2\/media\/63525"}],"wp:attachment":[{"href":"https:\/\/www.tucomarca.com\/wordpress\/segunda\/wp-json\/wp\/v2\/media?parent=63521"}],"wp:term":[{"taxonomy":"category","embeddable":true,"href":"https:\/\/www.tucomarca.com\/wordpress\/segunda\/wp-json\/wp\/v2\/categories?post=63521"},{"taxonomy":"post_tag","embeddable":true,"href":"https:\/\/www.tucomarca.com\/wordpress\/segunda\/wp-json\/wp\/v2\/tags?post=63521"}],"curies":[{"name":"wp","href":"https:\/\/api.w.org\/{rel}","templated":true}]}}