{"id":63528,"date":"2017-12-15T16:13:54","date_gmt":"2017-12-15T14:13:54","guid":{"rendered":"http:\/\/www.tucomarca.com\/wordpress\/segunda\/?p=63528"},"modified":"2017-12-15T16:13:54","modified_gmt":"2017-12-15T14:13:54","slug":"diputacio-invertira-255-000-euros-en-los-serranos-y-el-rincon-de-ademuz-para-dar-trabajo-a-mayores-de-55-anos","status":"publish","type":"post","link":"https:\/\/www.tucomarca.com\/wordpress\/segunda\/diputacio-invertira-255-000-euros-en-los-serranos-y-el-rincon-de-ademuz-para-dar-trabajo-a-mayores-de-55-anos\/","title":{"rendered":"Diputaci\u00f3 invertir\u00e1 255.000 euros en Los Serranos y el Rinc\u00f3n de Ademuz para dar trabajo a mayores de 55 a\u00f1os"},"content":{"rendered":"<figure id=\"attachment_63530\" aria-describedby=\"caption-attachment-63530\" style=\"width: 398px\" class=\"wp-caption alignleft\"><img loading=\"lazy\" decoding=\"async\" class=\" wp-image-63530\" src=\"https:\/\/www.tucomarca.com\/wordpress\/segunda\/wp-content\/uploads\/2017\/12\/dipuvisitatitaguas.jpg\" alt=\"Jorge Rodr\u00edguez y la diputada Conxa Garcia visitan Titaguas.\" width=\"398\" height=\"250\" srcset=\"https:\/\/www.tucomarca.com\/wordpress\/segunda\/wp-content\/uploads\/2017\/12\/dipuvisitatitaguas.jpg 2362w, https:\/\/www.tucomarca.com\/wordpress\/segunda\/wp-content\/uploads\/2017\/12\/dipuvisitatitaguas-300x188.jpg 300w, https:\/\/www.tucomarca.com\/wordpress\/segunda\/wp-content\/uploads\/2017\/12\/dipuvisitatitaguas-768x482.jpg 768w, https:\/\/www.tucomarca.com\/wordpress\/segunda\/wp-content\/uploads\/2017\/12\/dipuvisitatitaguas-1024x643.jpg 1024w\" sizes=\"auto, (max-width: 398px) 100vw, 398px\" \/><figcaption id=\"caption-attachment-63530\" class=\"wp-caption-text\"><em>Jorge Rodr\u00edguez y la diputada Conxa Garcia visitan Titaguas.<\/em><\/figcaption><\/figure>\n<p><b>Los ayuntamientos valencianos tendr\u00e1n plena autonom\u00eda para decidir la duraci\u00f3n y categor\u00eda profesional de los contratos<\/b><\/p>\n<p>La Diputaci\u00f3 de Val\u00e8ncia invertir\u00e1 254.719 euros en dos a\u00f1os en los m\u00e1s de 25 municipios que conforman las comarcas de Los Serranos y El Rinc\u00f3n de Ademuz para fomentar el empleo entre personas mayores de 55 a\u00f1os. Esta inversi\u00f3n se realizar\u00e1 a trav\u00e9s del Plan de Empleo de la corporaci\u00f3n para 2017-18, un programa bianual con una dotaci\u00f3n global de 7,3 millones de euros que facilitar\u00e1 la creaci\u00f3n de alrededor de 1.000 puestos de trabajo y que tiene como objetivo \u201cayudar a los demandantes de empleo mayores de 55 a\u00f1os a recuperar sus expectativas de jubilaci\u00f3n\u201d.<\/p>\n<p>Los datos de la Encuesta de Poblaci\u00f3n Activa (EPA) a nivel auton\u00f3mico y del Servicio de Empleo P\u00fablico Estatal (SEPE) en el \u00e1mbito provincial demuestran que este colectivo \u201cha resultado especialmente castigado por la crisis, ligado al paro de larga duraci\u00f3n y vulnerable en la fase previa a una jubilaci\u00f3n en la que pueden ver claramente minorada la cuant\u00eda de su pensi\u00f3n\u201d, ha explicado Jorge Rodr\u00edguez. Seg\u00fan los datos de la EPA, se estar\u00eda hablando de un total de 58.800 mayores de 55 a\u00f1os en situaci\u00f3n de desempleo en la Comunitat Valenciana en el tercer trimestre de 2017.<\/p>\n<p>Este an\u00e1lisis ha llevado a la Diputaci\u00f3 a dirigir el Plan de Empleo 2017-18 a estas personas con el objetivo de \u201caliviar su delicada situaci\u00f3n laboral en vistas a la jubilaci\u00f3n\u201d. El criterio a la hora de distribuir los 7,3 millones de euros entre los ayuntamientos es el n\u00famero de desempleados que tiene cada municipio. La aportaci\u00f3n de la Diputaci\u00f3 se har\u00e1 efectiva en dos convocatorias, una de 3.650.000 euros a finales de este a\u00f1o y otra de la misma cuant\u00eda en el primer trimestre de 2018.<\/p>\n<p>Un plan que en el caso de Los Serranos distribuir\u00e1 entre los 19 municipios que integran la comarca un total de 193.471 euros, atendiendo a un criterio objetivo como es el n\u00famero de desempleados que tiene cada municipio, siendo Villar del Arzobispo, con 120, la poblaci\u00f3n con mayor cantidad de parados de avanzada edad, que contar\u00e1 con una subvenci\u00f3n de 8.373 euros este a\u00f1o y otro tanto a principios de 2018.<\/p>\n<p>Le siguen Pedralba, con 99 parados y una subvenci\u00f3n por parte de la corporaci\u00f3n provincial de 7.607 euros, Chelva, con 71 parados y 6.587 euros, Tu\u00e9jar\u00a0 con 50 parados y una ayuda de 5.822 euros y Dome\u00f1o con 34 parados y 5.239 euros. Por debajo de esta cifra se encuentran el resto de municipios que conforman la comarca de Los Serranos y que tambi\u00e9n han contado con ayuda de la Diputaci\u00f3.<\/p>\n<p>Por otra parte, el Rinc\u00f3n de Ademuz recibir\u00e1 61.247 euros de este plan. Por municipios, Ademuz, con una tasa de desempleo cercana al 13% y m\u00e1s de 34 personas mayores de 44 a\u00f1os en situaci\u00f3n de desempleo, recibir\u00e1 5.239 euros en una primera convocatoria a finales de este a\u00f1o, y otro tanto en el primer trimestre de 2018. A Ademuz le siguen Castielfabib, que percibir\u00e1 en este primer cobro m\u00e1s de 4.500 euros; y Casas Bajas, que rondar\u00e1 los 4.300 euros. Por debajo de esta cifra se encuentran Torrebaja, Casas Altas, Vallanca y la Puebla de San Miguel.<\/p>\n<p>Todas estas cantidades se duplicar\u00e1n con la segunda convocatoria de la ayuda, ya que la aportaci\u00f3n de la Diputaci\u00f3 se har\u00e1 efectiva en dos convocatorias para los municipios de las comarcas de Los Serranos y el Rinc\u00f3n de Ademuz, una de 127.359 euros a finales de este a\u00f1o y otra de la misma cuant\u00eda en el primer trimestre de 2018.<\/p>\n<p><b>Autonom\u00eda de los ayuntamientos<\/b><\/p>\n<p>La estimaci\u00f3n del \u00e1rea que dirige Conxa Garcia es que con este plan la Diputaci\u00f3 facilitar\u00e1 la creaci\u00f3n de un millar de puestos de trabajo para mayores de 55 a\u00f1os en los municipios valencianos, en funci\u00f3n de la duraci\u00f3n y la categor\u00eda profesional de los puestos de trabajo que habiliten los ayuntamientos.<\/p>\n<p>La autonom\u00eda municipal vuelve a ser el eje de la gesti\u00f3n de la Diputaci\u00f3, que sit\u00faa como beneficiarios de este plan a los ayuntamientos de la provincia, que podr\u00e1n recurrir a bolsas propias o al Servef para cubrir estos puestos de trabajo, cuya duraci\u00f3n y categor\u00eda definir\u00e1n ellos mismos, dentro de los m\u00ednimos fijados por la corporaci\u00f3n en las bases del plan, como son contratos de un m\u00ednimo de 3 meses, 30 horas semanales y salario m\u00ednimo interprofesional.<\/p>\n","protected":false},"excerpt":{"rendered":"<div class=\"mh-excerpt\">Los ayuntamientos valencianos tendr\u00e1n plena autonom\u00eda para decidir la duraci\u00f3n y categor\u00eda profesional de los contratos La Diputaci\u00f3 de Val\u00e8ncia invertir\u00e1 254.719 euros en dos a\u00f1os en los m\u00e1s de 25 municipios que conforman las <a class=\"mh-excerpt-more\" href=\"https:\/\/www.tucomarca.com\/wordpress\/segunda\/diputacio-invertira-255-000-euros-en-los-serranos-y-el-rincon-de-ademuz-para-dar-trabajo-a-mayores-de-55-anos\/\" title=\"Diputaci\u00f3 invertir\u00e1 255.000 euros en Los Serranos y el Rinc\u00f3n de Ademuz para dar trabajo a mayores de 55 a\u00f1os\">[+] <\/a><\/div>\n","protected":false},"author":2,"featured_media":63530,"comment_status":"open","ping_status":"open","sticky":false,"template":"","format":"standard","meta":{"footnotes":""},"categories":[49,128,8,59,3,189,45],"tags":[10597,3677,10612],"class_list":{"0":"post-63528","1":"post","2":"type-post","3":"status-publish","4":"format-standard","5":"has-post-thumbnail","7":"category-ademuz","8":"category-infraestructuras","9":"category-la-comarca","10":"category-los-serranos","11":"category-seccion","12":"category-titaguas","13":"category-ventana","14":"tag-comarca-los-serranos","15":"tag-diputacio-de-valencia","16":"tag-el-rincon-de-ademuz"},"_links":{"self":[{"href":"https:\/\/www.tucomarca.com\/wordpress\/segunda\/wp-json\/wp\/v2\/posts\/63528","targetHints":{"allow":["GET"]}}],"collection":[{"href":"https:\/\/www.tucomarca.com\/wordpress\/segunda\/wp-json\/wp\/v2\/posts"}],"about":[{"href":"https:\/\/www.tucomarca.com\/wordpress\/segunda\/wp-json\/wp\/v2\/types\/post"}],"author":[{"embeddable":true,"href":"https:\/\/www.tucomarca.com\/wordpress\/segunda\/wp-json\/wp\/v2\/users\/2"}],"replies":[{"embeddable":true,"href":"https:\/\/www.tucomarca.com\/wordpress\/segunda\/wp-json\/wp\/v2\/comments?post=63528"}],"version-history":[{"count":0,"href":"https:\/\/www.tucomarca.com\/wordpress\/segunda\/wp-json\/wp\/v2\/posts\/63528\/revisions"}],"wp:featuredmedia":[{"embeddable":true,"href":"https:\/\/www.tucomarca.com\/wordpress\/segunda\/wp-json\/wp\/v2\/media\/63530"}],"wp:attachment":[{"href":"https:\/\/www.tucomarca.com\/wordpress\/segunda\/wp-json\/wp\/v2\/media?parent=63528"}],"wp:term":[{"taxonomy":"category","embeddable":true,"href":"https:\/\/www.tucomarca.com\/wordpress\/segunda\/wp-json\/wp\/v2\/categories?post=63528"},{"taxonomy":"post_tag","embeddable":true,"href":"https:\/\/www.tucomarca.com\/wordpress\/segunda\/wp-json\/wp\/v2\/tags?post=63528"}],"curies":[{"name":"wp","href":"https:\/\/api.w.org\/{rel}","templated":true}]}}