{"id":63620,"date":"2017-12-17T23:01:08","date_gmt":"2017-12-17T21:01:08","guid":{"rendered":"http:\/\/www.tucomarca.com\/wordpress\/segunda\/?p=63620"},"modified":"2017-12-19T15:50:34","modified_gmt":"2017-12-19T13:50:34","slug":"la-ud-yatova-le-endosa-un-3-0-al-paterna-mientras-el-cd-turis-empata-a-un-gol-con-el-juventud-manisense","status":"publish","type":"post","link":"https:\/\/www.tucomarca.com\/wordpress\/segunda\/la-ud-yatova-le-endosa-un-3-0-al-paterna-mientras-el-cd-turis-empata-a-un-gol-con-el-juventud-manisense\/","title":{"rendered":"La UD Y\u00e1tova le endosa un 4-0 al Paterna; mientras el CD Tur\u00eds empata a un gol con el Juventud Manisense"},"content":{"rendered":"<figure id=\"attachment_61592\" aria-describedby=\"caption-attachment-61592\" style=\"width: 444px\" class=\"wp-caption alignleft\"><img loading=\"lazy\" decoding=\"async\" class=\" wp-image-61592\" src=\"https:\/\/www.tucomarca.com\/wordpress\/segunda\/wp-content\/uploads\/2017\/10\/UDyatova1702.jpg\" alt=\"La UD Y\u00e1tova ha cosechado una importante victoria. Foto: Ra\u00fal Miralles.\" width=\"444\" height=\"296\" srcset=\"https:\/\/www.tucomarca.com\/wordpress\/segunda\/wp-content\/uploads\/2017\/10\/UDyatova1702.jpg 945w, https:\/\/www.tucomarca.com\/wordpress\/segunda\/wp-content\/uploads\/2017\/10\/UDyatova1702-300x200.jpg 300w, https:\/\/www.tucomarca.com\/wordpress\/segunda\/wp-content\/uploads\/2017\/10\/UDyatova1702-768x512.jpg 768w\" sizes=\"auto, (max-width: 444px) 100vw, 444px\" \/><figcaption id=\"caption-attachment-61592\" class=\"wp-caption-text\">La UD Y\u00e1tova ha cosechado una importante victoria. Foto: Ra\u00fal Miralles.<\/figcaption><\/figure>\n<p>La <strong>UD Y\u00e1tova<\/strong>\u00a0evidentemente sab\u00eda que no ser\u00eda demasiado dif\u00edcil el encuentro, pero no que lo ganar\u00edan con tanta facilidad, debido que no est\u00e1n los de Paterna tan abajo en la tabla.<\/p>\n<p>El partido ser\u00eda bronco en cuanto a amonestaciones, pero de cara a la meta, los yatoveros fueron los \u00fanicos que ver\u00edan porter\u00eda, tardaron en finalizar, pero en el 42&#8242; H\u00e9ctor, de penalti, logr\u00f3 anotar y abrir la lata, en este caso, con el que cabar\u00eda la primera mitad, light, pero que valdr\u00eda de sonido de bocina para el resto del partido.<\/p>\n<p>En la segunda parte, entrando en el 60&#8242;, Jes\u00fas Bueno lograba ampliar la ventaja, el juego gustaba, las ocasiones se finiquitaban y los de H\u00e9ctor estaban en su salsa, pero lo mejor que ver\u00edan sus pupilas ser\u00eda llegando al tramo final del partido, cuando en el 85&#8242;, H\u00e9ctor Cifre lograba seguir metiendo el dedo en la llaga, y ampliar la ventaja al 3-0.<\/p>\n<p>Cuando el cronometro ya estaba marcando el final del partido, en el \u00faltimo suspiro de un partido aplastante para los yatoveros, Rafa Cort\u00e9s lograba cerrar el encuentro y lanzaba el esf\u00e9rico al fondo de las mallas de la meta defendida por Javier Benlloch.<\/p>\n<p>El partido sumando por victoria coloca al Y\u00e1tova octavo\u00a0con 19 puntos, superando as\u00ed la racha de hace unas semanas, y logrando volver a subir puestos que le permitan luchar arriba.<\/p>\n<p>Por su\u00a0parte, el <strong>CD Tur\u00eds<\/strong> se encontr\u00f3 con un partido trabado y dudoso en l\u00edneas generales en\u00a0el que\u00a0los locales intentaron aprovechar el factor cancha.<\/p>\n<p>El partido era algo fr\u00edo, nadie llevaba la iniciativa, pero s\u00ed que evidentemente los locales buscando armarse e ir adelantando metros, hasta que ese estilo, dio resultado en forma de pena m\u00e1xima que Carlos Vidrier supo transformar en el primer gol del partido en el 22&#8242; y con el que acabar\u00eda la primera parte ante la anestesia por ambos bandos.<\/p>\n<p>En la segunda mitad, los del Juventud Manisense intentar\u00edan remontar e luminoso, aunque iban pasando los minutos y el juego no daba resultado para cubrir la esperanzas y pretensiones.<\/p>\n<p>Hasta que en e 72&#8242;\u00a0Salah Lachhab, tambi\u00e9n de pena m\u00e1xima lograba anotar el gol del empate. El partido se le complicaba a los locales.<\/p>\n<p>Entrando en los \u00faltimos minutos del partido, tras 20 minutos de\u00a0cinco\u00a0amonestaciones seguidas para los locales, en el 88&#8242;, Borja Fern\u00e1ndez se llevaba la cartulia roja, dejando en el \u00faltimo suspiro del encuentro, a los suyos con un hombre en el c\u00e9sped menos. Esto de alguna forma les dar\u00eda el punto por bueno. Tras el empate, el Tur\u00eds se coloca s\u00e9ptimo\u00a0con 20 puntos. Informa, <strong>Ra\u00fal Miralles Lacalle<\/strong> @raulmks<\/p>\n","protected":false},"excerpt":{"rendered":"<div class=\"mh-excerpt\">La UD Y\u00e1tova\u00a0evidentemente sab\u00eda que no ser\u00eda demasiado dif\u00edcil el encuentro, pero no que lo ganar\u00edan con tanta facilidad, debido que no est\u00e1n los de Paterna tan abajo en la tabla. El partido ser\u00eda bronco <a class=\"mh-excerpt-more\" href=\"https:\/\/www.tucomarca.com\/wordpress\/segunda\/la-ud-yatova-le-endosa-un-3-0-al-paterna-mientras-el-cd-turis-empata-a-un-gol-con-el-juventud-manisense\/\" title=\"La UD Y\u00e1tova le endosa un 4-0 al Paterna; mientras el CD Tur\u00eds empata a un gol con el Juventud Manisense\">[+] <\/a><\/div>\n","protected":false},"author":1,"featured_media":61592,"comment_status":"open","ping_status":"open","sticky":false,"template":"","format":"standard","meta":{"footnotes":""},"categories":[50,6,10,42,3,43,45,11],"tags":[5009,10379,44,5952,995],"class_list":{"0":"post-63620","1":"post","2":"type-post","3":"status-publish","4":"format-standard","5":"has-post-thumbnail","7":"category-futbol-deportes","8":"category-deportes","9":"category-la-hoya","10":"category-la-ribera","11":"category-seccion","12":"category-turis","13":"category-ventana","14":"category-yatova","15":"tag-cd-turis","16":"tag-deportes","17":"tag-futbol","18":"tag-la-hoya-de-bunol-chiva","19":"tag-ud-yatova"},"_links":{"self":[{"href":"https:\/\/www.tucomarca.com\/wordpress\/segunda\/wp-json\/wp\/v2\/posts\/63620","targetHints":{"allow":["GET"]}}],"collection":[{"href":"https:\/\/www.tucomarca.com\/wordpress\/segunda\/wp-json\/wp\/v2\/posts"}],"about":[{"href":"https:\/\/www.tucomarca.com\/wordpress\/segunda\/wp-json\/wp\/v2\/types\/post"}],"author":[{"embeddable":true,"href":"https:\/\/www.tucomarca.com\/wordpress\/segunda\/wp-json\/wp\/v2\/users\/1"}],"replies":[{"embeddable":true,"href":"https:\/\/www.tucomarca.com\/wordpress\/segunda\/wp-json\/wp\/v2\/comments?post=63620"}],"version-history":[{"count":0,"href":"https:\/\/www.tucomarca.com\/wordpress\/segunda\/wp-json\/wp\/v2\/posts\/63620\/revisions"}],"wp:featuredmedia":[{"embeddable":true,"href":"https:\/\/www.tucomarca.com\/wordpress\/segunda\/wp-json\/wp\/v2\/media\/61592"}],"wp:attachment":[{"href":"https:\/\/www.tucomarca.com\/wordpress\/segunda\/wp-json\/wp\/v2\/media?parent=63620"}],"wp:term":[{"taxonomy":"category","embeddable":true,"href":"https:\/\/www.tucomarca.com\/wordpress\/segunda\/wp-json\/wp\/v2\/categories?post=63620"},{"taxonomy":"post_tag","embeddable":true,"href":"https:\/\/www.tucomarca.com\/wordpress\/segunda\/wp-json\/wp\/v2\/tags?post=63620"}],"curies":[{"name":"wp","href":"https:\/\/api.w.org\/{rel}","templated":true}]}}