{"id":6368,"date":"2012-08-12T12:02:24","date_gmt":"2012-08-12T10:02:24","guid":{"rendered":"http:\/\/www.tucomarca.com\/wordpress\/segunda\/?p=6368"},"modified":"2012-08-12T12:02:24","modified_gmt":"2012-08-12T10:02:24","slug":"el-hospital-de-manises-dona-material-para-poner-en-marcha-un-quirofano-en-una-region-de-nepal-sin-recursos","status":"publish","type":"post","link":"https:\/\/www.tucomarca.com\/wordpress\/segunda\/el-hospital-de-manises-dona-material-para-poner-en-marcha-un-quirofano-en-una-region-de-nepal-sin-recursos\/","title":{"rendered":"El Hospital de Manises dona material para poner en marcha un quir\u00f3fano en una regi\u00f3n de Nepal sin recursos"},"content":{"rendered":"<p>El  Hospital de Manises ha colaborado en la puesta en marcha  del quir\u00f3fano  del Hospital de Humla, ubicado a los pies del Himalaya, con la donaci\u00f3n  de instrumental quir\u00fargico por valor de 6.320 euros. Esta cl\u00ednica  asi\u00e1tica, que atiende principalmente a campesinos y a poblaci\u00f3n activa  joven, est\u00e1 situada en una regi\u00f3n en donde habitan 75.000 personas  desperdigadas entre pueblos y aldeas. Su mayor problema es el dif\u00edcil  acceso a la regi\u00f3n, por lo que la poblaci\u00f3n queda aislada y sin  servicios m\u00e9dicos durante largas temporadas. La \u00fanica forma de llegar a  la zona es por v\u00eda a\u00e9rea durante 5 meses al a\u00f1o.<\/p>\n<p>El objetivo de esta donaci\u00f3n es crear un \u00e1rea quir\u00fargica en  este hospital que hasta ahora carec\u00eda de quir\u00f3fano, donde se pueda  desarrollar en un futuro cirug\u00eda b\u00e1sica y de urgencia. El Hospital de  Manises ha colaborado con este proyecto gracias a la implicaci\u00f3n de  algunos de sus sanitarios que colaboran con una ONG que trabaja en la  zona.<\/p>\n<p>Adem\u00e1s, para la puesta en marcha del quir\u00f3fano un grupo de  sanitarios, entre lo que se cuentan un m\u00e9dico y dos enfermeras del  Hospital de Manises, viajar\u00e1n el pr\u00f3ximo mes a la regi\u00f3n. \u00abIntentaremos  formar al personal local y crear los contactos institucionales  necesarios para que, al menos unos meses al a\u00f1o, se pueda desarrollar  esta actividad en colaboraci\u00f3n con cirujanos y enfermeras del propio  pa\u00eds\u00bb, explica el Dr. Jos\u00e9 Mar\u00eda Ferrando, impulsor del proyecto y  m\u00e9dico de Manises que viajar\u00e1 a la zona.<\/p>\n<p><strong>Solidaridad internacional <\/strong><\/p>\n<p>Parte del equipo que se desplaza a Humla ya conoce el pa\u00eds y  tiene experiencia en cooperaci\u00f3n internacional. De hecho, el propio  Ferrando ya ha colaborado como m\u00e9dico general en distintos proyectos  solidarios en Sudam\u00e9rica. En definitiva, se\u00f1ala el doctor, \u00abcreo que es  un proyecto solidario muy interesante. Durante todo el mes de septiembre  realizaremos una toma de contacto focalizada tanto en el \u00e1mbito  quir\u00fargico como en establecer los canales adecuados de cooperaci\u00f3n para  un futuro pr\u00f3ximo\u00bb.<\/p>\n<p>Este proyecto nace de la organizaci\u00f3n CITTA, una ONG americana  que cuenta con diversos proyectos relacionados con el \u00e1mbito sanitario y  educativo en Paraguay, M\u00e9xico, India y Nepal. En 2004 comenz\u00f3 la  construcci\u00f3n de este hospital y desde entonces se ha trabajado por  dotarlo de mayores recursos y servicios.<\/p>\n<p>En este sentido, el Hospital de Manises, a trav\u00e9s del Dr.  Ferrando y las enfermeras Soriano y Castells, ha colaborado con el  proyecto durante el \u00faltimo a\u00f1o. \u00abPrimero hemos intentado organizar la  m\u00ednima infraestructura y log\u00edstica para poder habilitar el quir\u00f3fano. En  este sentido hay que enmarcar la donaci\u00f3n del Hospital de Manises  fundamental para poner en marcha el quir\u00f3fano. El pr\u00f3ximo mes llegar\u00e1 el  momento de realizar el trabajo de campo\u00bb, concluye el doctor.<\/p>\n","protected":false},"excerpt":{"rendered":"<div class=\"mh-excerpt\">El Hospital de Manises ha colaborado en la puesta en marcha del quir\u00f3fano del Hospital de Humla, ubicado a los pies del Himalaya, con la donaci\u00f3n de instrumental quir\u00fargico por valor de 6.320 euros. Esta <a class=\"mh-excerpt-more\" href=\"https:\/\/www.tucomarca.com\/wordpress\/segunda\/el-hospital-de-manises-dona-material-para-poner-en-marcha-un-quirofano-en-una-region-de-nepal-sin-recursos\/\" title=\"El Hospital de Manises dona material para poner en marcha un quir\u00f3fano en una regi\u00f3n de Nepal sin recursos\">[+] <\/a><\/div>\n","protected":false},"author":1,"featured_media":0,"comment_status":"open","ping_status":"open","sticky":false,"template":"","format":"standard","meta":{"footnotes":""},"categories":[119,8,72,10,3],"tags":[],"class_list":{"0":"post-6368","1":"post","2":"type-post","3":"status-publish","4":"format-standard","6":"category-sanidad-la-comarca","7":"category-la-comarca","8":"category-sin-categorizar","9":"category-la-hoya","10":"category-seccion"},"_links":{"self":[{"href":"https:\/\/www.tucomarca.com\/wordpress\/segunda\/wp-json\/wp\/v2\/posts\/6368","targetHints":{"allow":["GET"]}}],"collection":[{"href":"https:\/\/www.tucomarca.com\/wordpress\/segunda\/wp-json\/wp\/v2\/posts"}],"about":[{"href":"https:\/\/www.tucomarca.com\/wordpress\/segunda\/wp-json\/wp\/v2\/types\/post"}],"author":[{"embeddable":true,"href":"https:\/\/www.tucomarca.com\/wordpress\/segunda\/wp-json\/wp\/v2\/users\/1"}],"replies":[{"embeddable":true,"href":"https:\/\/www.tucomarca.com\/wordpress\/segunda\/wp-json\/wp\/v2\/comments?post=6368"}],"version-history":[{"count":0,"href":"https:\/\/www.tucomarca.com\/wordpress\/segunda\/wp-json\/wp\/v2\/posts\/6368\/revisions"}],"wp:attachment":[{"href":"https:\/\/www.tucomarca.com\/wordpress\/segunda\/wp-json\/wp\/v2\/media?parent=6368"}],"wp:term":[{"taxonomy":"category","embeddable":true,"href":"https:\/\/www.tucomarca.com\/wordpress\/segunda\/wp-json\/wp\/v2\/categories?post=6368"},{"taxonomy":"post_tag","embeddable":true,"href":"https:\/\/www.tucomarca.com\/wordpress\/segunda\/wp-json\/wp\/v2\/tags?post=6368"}],"curies":[{"name":"wp","href":"https:\/\/api.w.org\/{rel}","templated":true}]}}