{"id":6377,"date":"2012-08-13T12:58:51","date_gmt":"2012-08-13T10:58:51","guid":{"rendered":"http:\/\/www.tucomarca.com\/wordpress\/segunda\/?p=6377"},"modified":"2012-08-13T12:58:51","modified_gmt":"2012-08-13T10:58:51","slug":"el-pspv-psoe-exige-conocer-de-que-partida-presupuestaria-se-va-a-pagar-el-reasfaltado-del-circuito-de-cheste","status":"publish","type":"post","link":"https:\/\/www.tucomarca.com\/wordpress\/segunda\/el-pspv-psoe-exige-conocer-de-que-partida-presupuestaria-se-va-a-pagar-el-reasfaltado-del-circuito-de-cheste\/","title":{"rendered":"El PSPV-PSOE exige conocer \u00abde qu\u00e9 partida presupuestaria se va a pagar el reasfaltado del circuito de Cheste\u00bb"},"content":{"rendered":"<p>La portavoz de Grandes Eventos del Grupo Parlamentario socialistas en Les Corts, Eva Mart\u00ednez, ha presentado una iniciativa parlamentaria por la que se solicita a la consellera, Lola Johnson, que explique detalladamente \u201ctodo el proceso p\u00fablico de contrataci\u00f3n as\u00ed como el coste de ejecuci\u00f3n, los plazos y el nombre de la empresa adjudicataria que est\u00e1 llevando a cabo las obras de reasfaltado del Circuito Ricardo Tormo de Cheste\u201d. Asimismo, Eva Mart\u00ednez, ha exigido conocer \u201cde qu\u00e9 partida presupuestaria se va a pagar el mill\u00f3n y medio de euros que costar\u00e1n esos trabajos\u201d.<br \/>\nPara la diputada socialista, \u201cuna vez m\u00e1s el presidente de la Generalitat, Alberto Fabra ha dejado constancia de cuales son sus prioridades al decidir gastarse 1,5 millones de euros en el realfaltado de un circuito mientras sigue gobernando a golpe de ERE para desdicha de todos los valencianos y valencianas\u201d.<br \/>\n \u201c\u00bfPor qu\u00e9 para el presidente de todos los valencianos y valencianas es m\u00e1s importante reasfaltar un circuito que mantener el empleo a los interinos en educaci\u00f3n, mantener camas hospitalarias o pagar los medicamentos de los valencianos y valencianas?, se ha cuestionado Eva Mart\u00ednez.<br \/>\nDe esta forma, la diputada socialista ha anunciado que preguntar\u00e1n a la consellera \u201csobre cu\u00e1l es la poderosa raz\u00f3n que ha tenido el presidente Fabra para gastarse esa cantidad de dinero en algo tan prescindible como el reasfaltado de un circuito\u201d, ha concluido.<\/p>\n","protected":false},"excerpt":{"rendered":"<div class=\"mh-excerpt\">La portavoz de Grandes Eventos del Grupo Parlamentario socialistas en Les Corts, Eva Mart\u00ednez, ha presentado una iniciativa parlamentaria por la que se solicita a la consellera, Lola Johnson, que explique detalladamente \u201ctodo el proceso <a class=\"mh-excerpt-more\" href=\"https:\/\/www.tucomarca.com\/wordpress\/segunda\/el-pspv-psoe-exige-conocer-de-que-partida-presupuestaria-se-va-a-pagar-el-reasfaltado-del-circuito-de-cheste\/\" title=\"El PSPV-PSOE exige conocer \u00abde qu\u00e9 partida presupuestaria se va a pagar el reasfaltado del circuito de Cheste\u00bb\">[+] <\/a><\/div>\n","protected":false},"author":2,"featured_media":0,"comment_status":"open","ping_status":"open","sticky":false,"template":"","format":"standard","meta":{"footnotes":""},"categories":[17,8,72,10,142,3],"tags":[],"class_list":{"0":"post-6377","1":"post","2":"type-post","3":"status-publish","4":"format-standard","6":"category-cheste","7":"category-la-comarca","8":"category-sin-categorizar","9":"category-la-hoya","10":"category-politica-la-comarca","11":"category-seccion"},"_links":{"self":[{"href":"https:\/\/www.tucomarca.com\/wordpress\/segunda\/wp-json\/wp\/v2\/posts\/6377","targetHints":{"allow":["GET"]}}],"collection":[{"href":"https:\/\/www.tucomarca.com\/wordpress\/segunda\/wp-json\/wp\/v2\/posts"}],"about":[{"href":"https:\/\/www.tucomarca.com\/wordpress\/segunda\/wp-json\/wp\/v2\/types\/post"}],"author":[{"embeddable":true,"href":"https:\/\/www.tucomarca.com\/wordpress\/segunda\/wp-json\/wp\/v2\/users\/2"}],"replies":[{"embeddable":true,"href":"https:\/\/www.tucomarca.com\/wordpress\/segunda\/wp-json\/wp\/v2\/comments?post=6377"}],"version-history":[{"count":0,"href":"https:\/\/www.tucomarca.com\/wordpress\/segunda\/wp-json\/wp\/v2\/posts\/6377\/revisions"}],"wp:attachment":[{"href":"https:\/\/www.tucomarca.com\/wordpress\/segunda\/wp-json\/wp\/v2\/media?parent=6377"}],"wp:term":[{"taxonomy":"category","embeddable":true,"href":"https:\/\/www.tucomarca.com\/wordpress\/segunda\/wp-json\/wp\/v2\/categories?post=6377"},{"taxonomy":"post_tag","embeddable":true,"href":"https:\/\/www.tucomarca.com\/wordpress\/segunda\/wp-json\/wp\/v2\/tags?post=6377"}],"curies":[{"name":"wp","href":"https:\/\/api.w.org\/{rel}","templated":true}]}}