{"id":6380,"date":"2012-08-13T13:00:54","date_gmt":"2012-08-13T11:00:54","guid":{"rendered":"http:\/\/www.tucomarca.com\/wordpress\/segunda\/?p=6380"},"modified":"2012-08-13T13:00:54","modified_gmt":"2012-08-13T11:00:54","slug":"la-ciudad-de-las-artes-y-las-ciencias-acoge-un-concierto-solidario-a-favor-de-los-damnificados-por-los-incendios-de-junio-en-valencia","status":"publish","type":"post","link":"https:\/\/www.tucomarca.com\/wordpress\/segunda\/la-ciudad-de-las-artes-y-las-ciencias-acoge-un-concierto-solidario-a-favor-de-los-damnificados-por-los-incendios-de-junio-en-valencia\/","title":{"rendered":"La Ciudad de las Artes y las Ciencias acoge un concierto solidario a favor de los damnificados por los incendios de junio en Valencia"},"content":{"rendered":"<p>La  Conselleria de Turismo, Cultura y Deporte y la empresa Par Impar  Audiovisual S.L han organizado para el pr\u00f3ximo jueves, 20 de septiembre  un concierto solidario a favor de los damnificados por los incendios del  pasado mes de junio en Valencia.<\/p>\n<p>El festival musical \u00abVoces por Valencia\u00bb se realizar\u00e1 en la  Ciudad de las Artes y las Ciencias para un p\u00fablico de 20.000 personas.  Ser\u00e1 un evento conducido por Kiko Rivera y contar\u00e1 adem\u00e1s con artistas  como Jos\u00e9 de Rico y Henry Mend\u00e9z, Pancho C\u00e9spedes, Jos\u00e9 \u00abEl Franc\u00e9s\u00bb,  Cherezade, Juan Pe\u00f1a, Leticia, Dkuba, Sindrome de Moscow, Ainoa  Cantalapiedra, David Moreno, Los Melocos, pinchar\u00e1n DJ Nano junto a  Fonsi Nieto, entre otros.<\/p>\n<p>La recaudaci\u00f3n total del concierto, con un precio por entrada  de 25\u0080, se ofrecer\u00e1 al fondo de ayudas gestionado por una comisi\u00f3n  interdepartamental que ser\u00e1 la encargada de repartir los fondos seg\u00fan  las peticiones que hagan los ayuntamientos de las poblaciones afectadas  por los incendios.<\/p>\n<p>Las entradas ya se pueden adquirir en las taquillas del  Hemisf\u00e8ric y del Museo de las Ciencias, a trav\u00e9s de la p\u00e1gina web de la  Ciudad de las Artes y las Ciencias www.cac.es o llamando al tel\u00e9fono 902  100 031. Adem\u00e1s, se ha abierto una Fila 0 con el fin de recaudar fondos  para este proyecto: \u00abValencia por 1\u0080\u00bb.<\/p>\n","protected":false},"excerpt":{"rendered":"<div class=\"mh-excerpt\">La Conselleria de Turismo, Cultura y Deporte y la empresa Par Impar Audiovisual S.L han organizado para el pr\u00f3ximo jueves, 20 de septiembre un concierto solidario a favor de los damnificados por los incendios del <a class=\"mh-excerpt-more\" href=\"https:\/\/www.tucomarca.com\/wordpress\/segunda\/la-ciudad-de-las-artes-y-las-ciencias-acoge-un-concierto-solidario-a-favor-de-los-damnificados-por-los-incendios-de-junio-en-valencia\/\" title=\"La Ciudad de las Artes y las Ciencias acoge un concierto solidario a favor de los damnificados por los incendios de junio en Valencia\">[+] <\/a><\/div>\n","protected":false},"author":1,"featured_media":0,"comment_status":"open","ping_status":"open","sticky":false,"template":"","format":"standard","meta":{"footnotes":""},"categories":[38,40,8,10,3,116],"tags":[],"class_list":{"0":"post-6380","1":"post","2":"type-post","3":"status-publish","4":"format-standard","6":"category-ayora-cofrentes","7":"category-cortes-de-pallas","8":"category-la-comarca","9":"category-la-hoya","10":"category-seccion","11":"category-sucesos-la-comarca"},"_links":{"self":[{"href":"https:\/\/www.tucomarca.com\/wordpress\/segunda\/wp-json\/wp\/v2\/posts\/6380","targetHints":{"allow":["GET"]}}],"collection":[{"href":"https:\/\/www.tucomarca.com\/wordpress\/segunda\/wp-json\/wp\/v2\/posts"}],"about":[{"href":"https:\/\/www.tucomarca.com\/wordpress\/segunda\/wp-json\/wp\/v2\/types\/post"}],"author":[{"embeddable":true,"href":"https:\/\/www.tucomarca.com\/wordpress\/segunda\/wp-json\/wp\/v2\/users\/1"}],"replies":[{"embeddable":true,"href":"https:\/\/www.tucomarca.com\/wordpress\/segunda\/wp-json\/wp\/v2\/comments?post=6380"}],"version-history":[{"count":0,"href":"https:\/\/www.tucomarca.com\/wordpress\/segunda\/wp-json\/wp\/v2\/posts\/6380\/revisions"}],"wp:attachment":[{"href":"https:\/\/www.tucomarca.com\/wordpress\/segunda\/wp-json\/wp\/v2\/media?parent=6380"}],"wp:term":[{"taxonomy":"category","embeddable":true,"href":"https:\/\/www.tucomarca.com\/wordpress\/segunda\/wp-json\/wp\/v2\/categories?post=6380"},{"taxonomy":"post_tag","embeddable":true,"href":"https:\/\/www.tucomarca.com\/wordpress\/segunda\/wp-json\/wp\/v2\/tags?post=6380"}],"curies":[{"name":"wp","href":"https:\/\/api.w.org\/{rel}","templated":true}]}}