{"id":63863,"date":"2017-12-27T21:36:57","date_gmt":"2017-12-27T19:36:57","guid":{"rendered":"http:\/\/www.tucomarca.com\/wordpress\/segunda\/?p=63863"},"modified":"2017-12-27T21:36:57","modified_gmt":"2017-12-27T19:36:57","slug":"semprenen-quatre-actuacions-per-a-millorar-lestat-dels-carrers-en-tot-el-municipi-de-la-pobla-de-vallbona","status":"publish","type":"post","link":"https:\/\/www.tucomarca.com\/wordpress\/segunda\/semprenen-quatre-actuacions-per-a-millorar-lestat-dels-carrers-en-tot-el-municipi-de-la-pobla-de-vallbona\/","title":{"rendered":"S&#8217;emprenen quatre actuacions per a millorar l&#8217;estat dels carrers en tot el municipi de La Pobla de Vallbona"},"content":{"rendered":"<figure id=\"attachment_63864\" aria-describedby=\"caption-attachment-63864\" style=\"width: 2592px\" class=\"wp-caption alignleft\"><img loading=\"lazy\" decoding=\"async\" class=\"size-full wp-image-63864\" src=\"https:\/\/www.tucomarca.com\/wordpress\/segunda\/wp-content\/uploads\/2017\/12\/LaPoblaasfalt.jpg\" alt=\"Hi ha obres en la rotonda d'entrada al nucli urb\u00e0 de la Pobla de Vallbona.\" width=\"2592\" height=\"1728\" srcset=\"https:\/\/www.tucomarca.com\/wordpress\/segunda\/wp-content\/uploads\/2017\/12\/LaPoblaasfalt.jpg 2592w, https:\/\/www.tucomarca.com\/wordpress\/segunda\/wp-content\/uploads\/2017\/12\/LaPoblaasfalt-300x200.jpg 300w, https:\/\/www.tucomarca.com\/wordpress\/segunda\/wp-content\/uploads\/2017\/12\/LaPoblaasfalt-768x512.jpg 768w, https:\/\/www.tucomarca.com\/wordpress\/segunda\/wp-content\/uploads\/2017\/12\/LaPoblaasfalt-1024x683.jpg 1024w\" sizes=\"auto, (max-width: 2592px) 100vw, 2592px\" \/><figcaption id=\"caption-attachment-63864\" class=\"wp-caption-text\">Hi ha obres en la rotonda d&#8217;entrada al nucli urb\u00e0 de la Pobla de Vallbona.<\/figcaption><\/figure>\n<p>El consistori de la Pobla de Vallbona ha iniciat una s\u00e8rie d&#8217;actuacions que t\u00e9 com a objectiu millorar l&#8217;estat dels carrers en les diferents zones residencials del municipi. Per a\u00e7\u00f2, s&#8217;estan escometent treballs per a millorar el ferm, tornar a asfaltar i afegir trossos per millorar el paviment a les diferents vies.<\/p>\n<p>Les actuacions es dividiran en quatre: la primera consisteix en una s\u00e8rie de millores en la carretera d&#8217;acc\u00e9s a &#8216;la Sima&#8217;, i forma part d&#8217;una de les sol\u00b7licituds efectuades per la ciutadania poblana a trav\u00e9s dels Pressupostos Participatius. Les obres consisteixen a millorar la senyalitzaci\u00f3, afegir elements que contribu\u00efsquen a disminuir la velocitat del tr\u00e0fic rodat i tornar a pavimentar parcialment aquesta carretera. El pressupost \u00e9s de 25.298,91 euros.<\/p>\n<p>La segona actuaci\u00f3 consisteix en una s\u00e8rie de millores de la cal\u00e7ada &#8216;en calent&#8217;, que suposaran en la pr\u00e0ctica l&#8217;arranjament de diferents trams on s&#8217;han trobat enfonsament del ferm o rases. Aquestes actuacions afecten els carrers Reis Cat\u00f2lics, Mestre Serrano, Gaspar Mar\u00edn, Agustina d&#8217;Arag\u00f3, Llevant i Verge del Montiel.<\/p>\n<p>A m\u00e9s, hi ha obres en la rotonda d&#8217;entrada al nucli urb\u00e0 de la Pobla de Vallbona (en la prolongaci\u00f3 del carrer Guillem Roch) i s&#8217;escometran actuacions en la urbanitzaci\u00f3 &#8216;Rascanya&#8217;, on les arrels de l&#8217;arbrat han provocat que s&#8217;alce part de l&#8217;asfaltat. Tant aquestes obres (que tenen un pressupost de 29.584,78 euros) com les de &#8216;la Sima&#8217; s&#8217;estan executant durant el present mes.<\/p>\n<p>La tercera actuaci\u00f3 \u00e9s una pavimentaci\u00f3 del p\u00e0rquing que se situa en el carrer Blasco Ib\u00e1\u00f1ez. En aquest projecte, la qual cosa es pret\u00e9n \u00e9s dotar aquest espai amb capacitat fins quasi 60 places d\u2019una superf\u00edcie de DTS (Doble Tractament Superficial), un paviment granular (de graveta, no d\u2019asfalt). Les obres comen\u00e7aran el gener de 2018. Aquestes tres actuacions s\u00f3n finan\u00e7ades per l&#8217;Ajuntament de la Pobla de Vallbona, amb fons propis, amb una inversi\u00f3 conjunta de 60.874,69 euros.<\/p>\n<p>La quarta actuaci\u00f3 compta amb fons de la Diputaci\u00f3 de Val\u00e8ncia (concretament, 118.000 euros), a trav\u00e9s de les seues IFS (Inversions Financerament Sostenibles). Les millores s&#8217;iniciaran al gener, i serviran per a millorar l&#8217;estat de l&#8217;asfaltat dels carrers F\u00e8lix Rodr\u00edguez de la Font, Maria Micaela, Lucena, Generalife, Iale, Dublin, Luis Monzon\u00eds, Nou i la Pau.<\/p>\n<p>El regidor d&#8217;Urbanisme en l&#8217;Ajuntament de la Pobla de Vallbona, Juan Aguilar, explica que aquestes obres s&#8217;efectuen \u00abper a millorar la vida de tots els ve\u00efns del municipi, independentment de la zona residencial que visquen. Des del primer dia ens vam comprometre amb la ciutadania a resoldre els problemes que els afecten, i estem treballant de forma constant per a aconseguir-ho. Hi ha molt encara per fer, per\u00f2 seguim destinant els recursos econ\u00f2mics que siguen necessaris per a solucionar les defici\u00e8ncies que no es van escometre anteriorment\u00bb.<\/p>\n","protected":false},"excerpt":{"rendered":"<div class=\"mh-excerpt\">El consistori de la Pobla de Vallbona ha iniciat una s\u00e8rie d&#8217;actuacions que t\u00e9 com a objectiu millorar l&#8217;estat dels carrers en les diferents zones residencials del municipi. Per a\u00e7\u00f2, s&#8217;estan escometent treballs per a <a class=\"mh-excerpt-more\" href=\"https:\/\/www.tucomarca.com\/wordpress\/segunda\/semprenen-quatre-actuacions-per-a-millorar-lestat-dels-carrers-en-tot-el-municipi-de-la-pobla-de-vallbona\/\" title=\"S&#8217;emprenen quatre actuacions per a millorar l&#8217;estat dels carrers en tot el municipi de La Pobla de Vallbona\">[+] <\/a><\/div>\n","protected":false},"author":1,"featured_media":63864,"comment_status":"open","ping_status":"open","sticky":false,"template":"","format":"standard","meta":{"footnotes":""},"categories":[46,128,8,174,142,3,45],"tags":[10395,1335],"class_list":{"0":"post-63863","1":"post","2":"type-post","3":"status-publish","4":"format-standard","5":"has-post-thumbnail","7":"category-camp-de-turia","8":"category-infraestructuras","9":"category-la-comarca","10":"category-la-pobla","11":"category-politica-la-comarca","12":"category-seccion","13":"category-ventana","14":"tag-camp-de-turia","15":"tag-la-pobla-de-vallbona"},"_links":{"self":[{"href":"https:\/\/www.tucomarca.com\/wordpress\/segunda\/wp-json\/wp\/v2\/posts\/63863","targetHints":{"allow":["GET"]}}],"collection":[{"href":"https:\/\/www.tucomarca.com\/wordpress\/segunda\/wp-json\/wp\/v2\/posts"}],"about":[{"href":"https:\/\/www.tucomarca.com\/wordpress\/segunda\/wp-json\/wp\/v2\/types\/post"}],"author":[{"embeddable":true,"href":"https:\/\/www.tucomarca.com\/wordpress\/segunda\/wp-json\/wp\/v2\/users\/1"}],"replies":[{"embeddable":true,"href":"https:\/\/www.tucomarca.com\/wordpress\/segunda\/wp-json\/wp\/v2\/comments?post=63863"}],"version-history":[{"count":0,"href":"https:\/\/www.tucomarca.com\/wordpress\/segunda\/wp-json\/wp\/v2\/posts\/63863\/revisions"}],"wp:featuredmedia":[{"embeddable":true,"href":"https:\/\/www.tucomarca.com\/wordpress\/segunda\/wp-json\/wp\/v2\/media\/63864"}],"wp:attachment":[{"href":"https:\/\/www.tucomarca.com\/wordpress\/segunda\/wp-json\/wp\/v2\/media?parent=63863"}],"wp:term":[{"taxonomy":"category","embeddable":true,"href":"https:\/\/www.tucomarca.com\/wordpress\/segunda\/wp-json\/wp\/v2\/categories?post=63863"},{"taxonomy":"post_tag","embeddable":true,"href":"https:\/\/www.tucomarca.com\/wordpress\/segunda\/wp-json\/wp\/v2\/tags?post=63863"}],"curies":[{"name":"wp","href":"https:\/\/api.w.org\/{rel}","templated":true}]}}