{"id":63982,"date":"2018-01-03T20:10:14","date_gmt":"2018-01-03T18:10:14","guid":{"rendered":"http:\/\/www.tucomarca.com\/wordpress\/segunda\/?p=63982"},"modified":"2018-01-03T20:46:56","modified_gmt":"2018-01-03T18:46:56","slug":"primera-regional-la-ud-yatova-se-mide-al-segundo-el-aldaia-mientras-chiva-cf-y-cd-turis-protagonizan-el-derbi-intercomarcal-de-este-domingo","status":"publish","type":"post","link":"https:\/\/www.tucomarca.com\/wordpress\/segunda\/primera-regional-la-ud-yatova-se-mide-al-segundo-el-aldaia-mientras-chiva-cf-y-cd-turis-protagonizan-el-derbi-intercomarcal-de-este-domingo\/","title":{"rendered":"Primera Regional: la UD Y\u00e1tova se mide al segundo, el Aldaia; mientras Chiva CF y CD Tur\u00eds protagonizan el derbi intercomarcal de este domingo"},"content":{"rendered":"<figure id=\"attachment_63621\" aria-describedby=\"caption-attachment-63621\" style=\"width: 412px\" class=\"wp-caption alignleft\"><img loading=\"lazy\" decoding=\"async\" class=\" wp-image-63621\" src=\"https:\/\/www.tucomarca.com\/wordpress\/segunda\/wp-content\/uploads\/2017\/12\/UDyatova02.jpg\" alt=\"La UD Y\u00e1tova vuelve este domingo a la competici\u00f3n en Primera Regional. Foto: Ra\u00fal Miralles Lacalle.\" width=\"412\" height=\"275\" srcset=\"https:\/\/www.tucomarca.com\/wordpress\/segunda\/wp-content\/uploads\/2017\/12\/UDyatova02.jpg 886w, https:\/\/www.tucomarca.com\/wordpress\/segunda\/wp-content\/uploads\/2017\/12\/UDyatova02-300x200.jpg 300w, https:\/\/www.tucomarca.com\/wordpress\/segunda\/wp-content\/uploads\/2017\/12\/UDyatova02-768x512.jpg 768w\" sizes=\"auto, (max-width: 412px) 100vw, 412px\" \/><figcaption id=\"caption-attachment-63621\" class=\"wp-caption-text\">La UD Y\u00e1tova vuelve este domingo a la competici\u00f3n en Primera Regional. Foto: Ra\u00fal Miralles Lacalle.<\/figcaption><\/figure>\n<p>Llegado el a\u00f1o 2018, vuelve la competici\u00f3n liguera a los\u00a0equipos de\u00a0La Hoya de Bu\u00f1ol-Chiva<\/p>\n<p>La\u00a0<strong>UD Y\u00e1tova<\/strong> de H\u00e9ctor y Cuvero terminaron 2017 en la octava\u00a0posici\u00f3n, atesorando 19 puntos y sumando cinco victorias, cuatro empates y cinco derrotas, con balance positivo de dos goles anotados m\u00e1s que encajados.<\/p>\n<p>Este domingo se ver\u00e1n las caras con el Aldaia, que posee 33 puntos tras haber sumado diez\u00a0victorias y que est\u00e1 colocado segundo. Adem\u00e1s, los de Aldaia llevan mejor saldo de goles.<\/p>\n<p>En Chiva tendremos un precioso derby intercomarcal, enfrent\u00e1ndose el <strong>Chiva CF<\/strong> frente al<strong> CD Tur\u00eds<\/strong>. Los chivanos se colocan novenos y asumir\u00e1n el primer partido del a\u00f1o con 17 puntos, enfrente el Tur\u00eds de Vicente, s\u00f3lo dos puestos por encima y con\u00a0una victoria m\u00e1s.<\/p>\n<p>Por \u00faltimo, el <strong>CD\u00a0Cheste<\/strong> no retornar\u00e1 a la competici\u00f3n hasta el fin de semana del 13 y 14 de enero por tener un partido adelantado; y lo har\u00e1 frente al Alacu\u00e0s a domicilio.\u00a0Informa,\u00a0<strong>Ra\u00fal Miralles Lacalle<\/strong>\u00a0@raulmks<\/p>\n<p>&nbsp;<\/p>\n","protected":false},"excerpt":{"rendered":"<div class=\"mh-excerpt\">Llegado el a\u00f1o 2018, vuelve la competici\u00f3n liguera a los\u00a0equipos de\u00a0La Hoya de Bu\u00f1ol-Chiva La\u00a0UD Y\u00e1tova de H\u00e9ctor y Cuvero terminaron 2017 en la octava\u00a0posici\u00f3n, atesorando 19 puntos y sumando cinco victorias, cuatro empates y <a class=\"mh-excerpt-more\" href=\"https:\/\/www.tucomarca.com\/wordpress\/segunda\/primera-regional-la-ud-yatova-se-mide-al-segundo-el-aldaia-mientras-chiva-cf-y-cd-turis-protagonizan-el-derbi-intercomarcal-de-este-domingo\/\" title=\"Primera Regional: la UD Y\u00e1tova se mide al segundo, el Aldaia; mientras Chiva CF y CD Tur\u00eds protagonizan el derbi intercomarcal de este domingo\">[+] <\/a><\/div>\n","protected":false},"author":1,"featured_media":63621,"comment_status":"open","ping_status":"open","sticky":false,"template":"","format":"standard","meta":{"footnotes":""},"categories":[50,16,6,10,42,3,43,45,11],"tags":[395,10379,44,5952,3640,10394,995],"class_list":{"0":"post-63982","1":"post","2":"type-post","3":"status-publish","4":"format-standard","5":"has-post-thumbnail","7":"category-futbol-deportes","8":"category-chiva","9":"category-deportes","10":"category-la-hoya","11":"category-la-ribera","12":"category-seccion","13":"category-turis","14":"category-ventana","15":"category-yatova","16":"tag-chiva-cf","17":"tag-deportes","18":"tag-futbol","19":"tag-la-hoya-de-bunol-chiva","20":"tag-la-ribera-alta","21":"tag-turis","22":"tag-ud-yatova"},"_links":{"self":[{"href":"https:\/\/www.tucomarca.com\/wordpress\/segunda\/wp-json\/wp\/v2\/posts\/63982","targetHints":{"allow":["GET"]}}],"collection":[{"href":"https:\/\/www.tucomarca.com\/wordpress\/segunda\/wp-json\/wp\/v2\/posts"}],"about":[{"href":"https:\/\/www.tucomarca.com\/wordpress\/segunda\/wp-json\/wp\/v2\/types\/post"}],"author":[{"embeddable":true,"href":"https:\/\/www.tucomarca.com\/wordpress\/segunda\/wp-json\/wp\/v2\/users\/1"}],"replies":[{"embeddable":true,"href":"https:\/\/www.tucomarca.com\/wordpress\/segunda\/wp-json\/wp\/v2\/comments?post=63982"}],"version-history":[{"count":0,"href":"https:\/\/www.tucomarca.com\/wordpress\/segunda\/wp-json\/wp\/v2\/posts\/63982\/revisions"}],"wp:featuredmedia":[{"embeddable":true,"href":"https:\/\/www.tucomarca.com\/wordpress\/segunda\/wp-json\/wp\/v2\/media\/63621"}],"wp:attachment":[{"href":"https:\/\/www.tucomarca.com\/wordpress\/segunda\/wp-json\/wp\/v2\/media?parent=63982"}],"wp:term":[{"taxonomy":"category","embeddable":true,"href":"https:\/\/www.tucomarca.com\/wordpress\/segunda\/wp-json\/wp\/v2\/categories?post=63982"},{"taxonomy":"post_tag","embeddable":true,"href":"https:\/\/www.tucomarca.com\/wordpress\/segunda\/wp-json\/wp\/v2\/tags?post=63982"}],"curies":[{"name":"wp","href":"https:\/\/api.w.org\/{rel}","templated":true}]}}