{"id":6408,"date":"2012-08-13T14:28:34","date_gmt":"2012-08-13T12:28:34","guid":{"rendered":"http:\/\/www.tucomarca.com\/wordpress\/segunda\/?p=6408"},"modified":"2012-08-13T14:31:38","modified_gmt":"2012-08-13T12:31:38","slug":"sanchez-barcaiztegui-se-reune-con-el-alcalde-de-venta-del-moro-para-mejorar-varias-calles-del-municipio","status":"publish","type":"post","link":"https:\/\/www.tucomarca.com\/wordpress\/segunda\/sanchez-barcaiztegui-se-reune-con-el-alcalde-de-venta-del-moro-para-mejorar-varias-calles-del-municipio\/","title":{"rendered":"S\u00e1nchez-Barc\u00e1iztegui se re\u00fane con el alcalde de Venta del Moro para mejorar varias calles del municipio"},"content":{"rendered":"<figure id=\"attachment_6409\" aria-describedby=\"caption-attachment-6409\" style=\"width: 300px\" class=\"wp-caption alignleft\"><a href=\"https:\/\/www.tucomarca.com\/wordpress\/segunda\/wp-content\/uploads\/2012\/08\/13812municipio.jpg\"><img loading=\"lazy\" decoding=\"async\" class=\"size-medium wp-image-6409\" title=\"13812municipio\" src=\"https:\/\/www.tucomarca.com\/wordpress\/segunda\/wp-content\/uploads\/2012\/08\/13812municipio-300x225.jpg\" alt=\"Infraestructuras estudia la posibilidad de repavimentar seis viales en Venta del Moro y Jaraguas.\" width=\"300\" height=\"225\" \/><\/a><figcaption id=\"caption-attachment-6409\" class=\"wp-caption-text\">Infraestructuras estudia la posibilidad de repavimentar seis viales en Venta del Moro y Jaraguas.<\/figcaption><\/figure>\n<p>El  secretario auton\u00f3mico de Infraestructuras y Transporte, Victoriano  S\u00e1nchez-Barc\u00e1iztegui, se ha reunido hoy con el alcalde de Venta del  Moro, Luis Francisco L\u00f3pez, para hablar sobre la posibilidad de llevar a  cabo varias obras en el municipio.<\/p>\n<p>El alcalde ha pedido al Secretario Auton\u00f3mico la pavimentaci\u00f3n  de varias calles de Venta del Moro, concretamente las calles Cuartel,   Clemente L\u00f3pez y Los Huertos. Adem\u00e1s, tambi\u00e9n ha solicitado una  actuaci\u00f3n similar en las calles Cuesta, Cantarinas y la calle Valencia,  todas ellas est\u00e1n ubicadas en la pedan\u00eda de Jaraguas.<\/p>\n<p>Al finalizar el encuentro, S\u00e1nchez-Barc\u00e1iztegui ha visitado,  junto a varios miembros de la corporaci\u00f3n municipal, el paseo junto al  r\u00edo para conocer in situ las necesidades de esta zona de Venta del Moro.<\/p>\n<p>El alcalde ha pedido a la Conselleria de Infraestructuras,  Territorio y Medio Ambiente la ejecuci\u00f3n de una acera a lo largo de este  paseo que en la actualidad se encuentra sin asfaltar. El objetivo es  acondicionar este  espacio de recreo del que disfrutan muchos vecinos y  visitantes de Venta del Moro.<\/p>\n<p>El Secretario Auton\u00f3mico ha comentado que la Conselleria  estudiar\u00e1 estas propuestas y que a partir del mes de septiembre se  valorar\u00e1 su ejecuci\u00f3n.<\/p>\n","protected":false},"excerpt":{"rendered":"<div class=\"mh-excerpt\">El secretario auton\u00f3mico de Infraestructuras y Transporte, Victoriano S\u00e1nchez-Barc\u00e1iztegui, se ha reunido hoy con el alcalde de Venta del Moro, Luis Francisco L\u00f3pez, para hablar sobre la posibilidad de llevar a cabo varias obras en <a class=\"mh-excerpt-more\" href=\"https:\/\/www.tucomarca.com\/wordpress\/segunda\/sanchez-barcaiztegui-se-reune-con-el-alcalde-de-venta-del-moro-para-mejorar-varias-calles-del-municipio\/\" title=\"S\u00e1nchez-Barc\u00e1iztegui se re\u00fane con el alcalde de Venta del Moro para mejorar varias calles del municipio\">[+] <\/a><\/div>\n","protected":false},"author":1,"featured_media":6409,"comment_status":"open","ping_status":"open","sticky":false,"template":"","format":"standard","meta":{"footnotes":""},"categories":[128,8,27,3,234,45],"tags":[],"class_list":{"0":"post-6408","1":"post","2":"type-post","3":"status-publish","4":"format-standard","5":"has-post-thumbnail","7":"category-infraestructuras","8":"category-la-comarca","9":"category-requena-utiel","10":"category-seccion","11":"category-venta-del-moro","12":"category-ventana"},"_links":{"self":[{"href":"https:\/\/www.tucomarca.com\/wordpress\/segunda\/wp-json\/wp\/v2\/posts\/6408","targetHints":{"allow":["GET"]}}],"collection":[{"href":"https:\/\/www.tucomarca.com\/wordpress\/segunda\/wp-json\/wp\/v2\/posts"}],"about":[{"href":"https:\/\/www.tucomarca.com\/wordpress\/segunda\/wp-json\/wp\/v2\/types\/post"}],"author":[{"embeddable":true,"href":"https:\/\/www.tucomarca.com\/wordpress\/segunda\/wp-json\/wp\/v2\/users\/1"}],"replies":[{"embeddable":true,"href":"https:\/\/www.tucomarca.com\/wordpress\/segunda\/wp-json\/wp\/v2\/comments?post=6408"}],"version-history":[{"count":0,"href":"https:\/\/www.tucomarca.com\/wordpress\/segunda\/wp-json\/wp\/v2\/posts\/6408\/revisions"}],"wp:featuredmedia":[{"embeddable":true,"href":"https:\/\/www.tucomarca.com\/wordpress\/segunda\/wp-json\/wp\/v2\/media\/6409"}],"wp:attachment":[{"href":"https:\/\/www.tucomarca.com\/wordpress\/segunda\/wp-json\/wp\/v2\/media?parent=6408"}],"wp:term":[{"taxonomy":"category","embeddable":true,"href":"https:\/\/www.tucomarca.com\/wordpress\/segunda\/wp-json\/wp\/v2\/categories?post=6408"},{"taxonomy":"post_tag","embeddable":true,"href":"https:\/\/www.tucomarca.com\/wordpress\/segunda\/wp-json\/wp\/v2\/tags?post=6408"}],"curies":[{"name":"wp","href":"https:\/\/api.w.org\/{rel}","templated":true}]}}