{"id":6414,"date":"2012-08-13T18:19:15","date_gmt":"2012-08-13T16:19:15","guid":{"rendered":"http:\/\/www.tucomarca.com\/wordpress\/segunda\/?p=6414"},"modified":"2012-08-13T18:19:15","modified_gmt":"2012-08-13T16:19:15","slug":"mas-de-800-personas-participan-en-la-octava-prueba-del-circuito-de-carreras-populares-en-villanueva-de-castellon","status":"publish","type":"post","link":"https:\/\/www.tucomarca.com\/wordpress\/segunda\/mas-de-800-personas-participan-en-la-octava-prueba-del-circuito-de-carreras-populares-en-villanueva-de-castellon\/","title":{"rendered":"M\u00e1s de 800 personas participan en la octava prueba del circuito de carreras populares en Villanueva de Castell\u00f3n"},"content":{"rendered":"<div>\n<p>El gran n\u00famero de corredores populares, el calor y la humedad  fueron los grandes protagonistas en la octava prueba del Circuito de  Carreras Populares Diputaci\u00f3n de Valencia celebrada este fin de semana.  La Volta a Peu a Villanueva de Castell\u00f3 llegaba a su XXVIII edici\u00f3n este  s\u00e1bado d\u00eda 11 de agosto, repitiendo un a\u00f1o m\u00e1s en la competici\u00f3n de  Diputaci\u00f3n y coincidiendo adem\u00e1s este a\u00f1o con el final de la segunda ola  de calor de este verano. Las predicciones meteorol\u00f3gicas vaticinaban  una carrera bastante dura para los participantes y as\u00ed fue.<\/p>\n<p>La temperatura superaba los 30 grados cent\u00edgrados ya desde primera  hora de la tarde. Y aunque unas gotas mojaron a los corredores mientras  calentaban, fue justo en el momento de la salida cuando un chapar\u00f3n  sorprendi\u00f3 a los participantes. Como cualquier tormenta de verano, el  agua ces\u00f3 en seguida y la humedad hizo mella en los participantes.<br \/>\nEl  parque de la Estaci\u00f3n fue el punto de encuentro entre los m\u00e1s de 800  corredores populares, as\u00ed como el p\u00fablico asistente que no quiso  perderse esta cita deportiva.<\/p>\n<p><strong>Un recorrido corto y consolidado<\/strong><br \/>\nComo en pasadas  ediciones, los participantes deb\u00edan realizar una peque\u00f1a vuelta por las  calles del municipio, as\u00ed como una segunda por las afueras, para pasar  de nuevo por la zona de salida justo antes de encarar la meta y  completar as\u00ed los nueve kil\u00f3metros de la prueba. A pesar de su corto  recorrido, los participantes sufrieron en Villanueva, pues la lluvia en  el inicio de la prueba aument\u00f3 la humedad y el calor se hizo  insoportable.<\/p>\n<p>Poco antes de la media hora de carrera, los primeros corredores  llegaron a meta. El joven Ouais Zitane del C.A. Amateurs Sports volvi\u00f3 a  alzarse con la victoria. Con un tiempo de 27:53 Zitane termin\u00f3 la  prueba consiguiendo, una semana m\u00e1s, afianzar su primer puesto en la  clasificaci\u00f3n general de Diputaci\u00f3n. A medio minuto de \u00e9l, Jaouad  Oumellal, del C.A. C\u00e1rnicas Serrano, se hizo con el segundo puesto,  mientras que Adil El Hand, del Runnersworld, llegaba el tercero con un  tiempo de 28:36. Esta vez, con la ausencia de Lu\u00eds F\u00e9lix Mart\u00ednez, fue  Octavio Sanchis el primer espa\u00f1ol en terminar la prueba, consiguiendo la  cuarta posici\u00f3n.<\/p>\n<p>En categor\u00eda femenina, el triunfo fue para Raquel Landin con un  tiempo de 34:13. A 44 segundos de ella, Patricia Montalvo terminaba la  segunda, mientras que Carmen Sala hac\u00eda su entrada en meta la tercera,  con un tiempo de 35:23.<\/p>\n<p><strong>Pr\u00f3xima cita<\/strong><br \/>\nTras la competici\u00f3n de este fin de  semana en la localidad de la Ribera Alta, el Circuito de Diputaci\u00f3n  cierra su temporada de verano y da una tregua a los corredores. La  competici\u00f3n continuar\u00e1 con su novena prueba de la presente edici\u00f3n, el  pr\u00f3ximo s\u00e1bado 22 de septiembre a las 18 horas, con el X Gran Fondo  Mancomunitat del Carraixet, que se iniciar\u00e1 este a\u00f1o en Bonrep\u00f2s i  Mirambell.<\/p>\n<\/div>\n","protected":false},"excerpt":{"rendered":"<div class=\"mh-excerpt\">El gran n\u00famero de corredores populares, el calor y la humedad fueron los grandes protagonistas en la octava prueba del Circuito de Carreras Populares Diputaci\u00f3n de Valencia celebrada este fin de semana. La Volta a <a class=\"mh-excerpt-more\" href=\"https:\/\/www.tucomarca.com\/wordpress\/segunda\/mas-de-800-personas-participan-en-la-octava-prueba-del-circuito-de-carreras-populares-en-villanueva-de-castellon\/\" title=\"M\u00e1s de 800 personas participan en la octava prueba del circuito de carreras populares en Villanueva de Castell\u00f3n\">[+] <\/a><\/div>\n","protected":false},"author":1,"featured_media":6416,"comment_status":"open","ping_status":"open","sticky":false,"template":"","format":"standard","meta":{"footnotes":""},"categories":[98,6,42,3,45,163],"tags":[],"class_list":{"0":"post-6414","1":"post","2":"type-post","3":"status-publish","4":"format-standard","5":"has-post-thumbnail","7":"category-atletismo","8":"category-deportes","9":"category-la-ribera","10":"category-seccion","11":"category-ventana","12":"category-villanueva-de-castellon"},"_links":{"self":[{"href":"https:\/\/www.tucomarca.com\/wordpress\/segunda\/wp-json\/wp\/v2\/posts\/6414","targetHints":{"allow":["GET"]}}],"collection":[{"href":"https:\/\/www.tucomarca.com\/wordpress\/segunda\/wp-json\/wp\/v2\/posts"}],"about":[{"href":"https:\/\/www.tucomarca.com\/wordpress\/segunda\/wp-json\/wp\/v2\/types\/post"}],"author":[{"embeddable":true,"href":"https:\/\/www.tucomarca.com\/wordpress\/segunda\/wp-json\/wp\/v2\/users\/1"}],"replies":[{"embeddable":true,"href":"https:\/\/www.tucomarca.com\/wordpress\/segunda\/wp-json\/wp\/v2\/comments?post=6414"}],"version-history":[{"count":0,"href":"https:\/\/www.tucomarca.com\/wordpress\/segunda\/wp-json\/wp\/v2\/posts\/6414\/revisions"}],"wp:featuredmedia":[{"embeddable":true,"href":"https:\/\/www.tucomarca.com\/wordpress\/segunda\/wp-json\/wp\/v2\/media\/6416"}],"wp:attachment":[{"href":"https:\/\/www.tucomarca.com\/wordpress\/segunda\/wp-json\/wp\/v2\/media?parent=6414"}],"wp:term":[{"taxonomy":"category","embeddable":true,"href":"https:\/\/www.tucomarca.com\/wordpress\/segunda\/wp-json\/wp\/v2\/categories?post=6414"},{"taxonomy":"post_tag","embeddable":true,"href":"https:\/\/www.tucomarca.com\/wordpress\/segunda\/wp-json\/wp\/v2\/tags?post=6414"}],"curies":[{"name":"wp","href":"https:\/\/api.w.org\/{rel}","templated":true}]}}