{"id":64147,"date":"2018-01-10T16:07:15","date_gmt":"2018-01-10T14:07:15","guid":{"rendered":"http:\/\/www.tucomarca.com\/wordpress\/segunda\/?p=64147"},"modified":"2018-01-10T17:19:30","modified_gmt":"2018-01-10T15:19:30","slug":"la-policia-local-desmiente-que-haya-habido-un-intento-de-secuestro-de-una-menor-en-chiva-ante-la-alarma-social-suscitada","status":"publish","type":"post","link":"https:\/\/www.tucomarca.com\/wordpress\/segunda\/la-policia-local-desmiente-que-haya-habido-un-intento-de-secuestro-de-una-menor-en-chiva-ante-la-alarma-social-suscitada\/","title":{"rendered":"La Polic\u00eda Local desmiente que haya habido un intento de secuestro de una menor en Chiva ante la alarma social suscitada"},"content":{"rendered":"<figure id=\"attachment_64149\" aria-describedby=\"caption-attachment-64149\" style=\"width: 355px\" class=\"wp-caption alignleft\"><img loading=\"lazy\" decoding=\"async\" class=\" wp-image-64149\" src=\"https:\/\/www.tucomarca.com\/wordpress\/segunda\/wp-content\/uploads\/2018\/01\/PoliciaChiva.jpg\" alt=\"Comunicado emitido por la Polic\u00eda Local de Bu\u00f1ol.\" width=\"355\" height=\"405\" srcset=\"https:\/\/www.tucomarca.com\/wordpress\/segunda\/wp-content\/uploads\/2018\/01\/PoliciaChiva.jpg 899w, https:\/\/www.tucomarca.com\/wordpress\/segunda\/wp-content\/uploads\/2018\/01\/PoliciaChiva-263x300.jpg 263w, https:\/\/www.tucomarca.com\/wordpress\/segunda\/wp-content\/uploads\/2018\/01\/PoliciaChiva-768x875.jpg 768w\" sizes=\"auto, (max-width: 355px) 100vw, 355px\" \/><figcaption id=\"caption-attachment-64149\" class=\"wp-caption-text\">Comunicado emitido por la Polic\u00eda Local de Bu\u00f1ol en su cuenta de twitter.<\/figcaption><\/figure>\n<p>Ante la alarma social que se ha suscitado, la Polic\u00eda Local se ha visto obligada a emitir un comunicado en el que niegan rotundamente que se haya producido un intento de secuestro de una menor en una de las guarder\u00edas de la localidad de Chiva.<\/p>\n<p>El \u00abbulo\u00bb corr\u00eda como la p\u00f3lvora a trav\u00e9s de las redes sociales durante la ma\u00f1ana de este mi\u00e9rcoles, tras difundirse a trav\u00e9s de WhatsApp una grabaci\u00f3n de una mujer\u00a0que aseguraba\u00a0haber sido testigo de un intento de secuestro, una circunstancia que ha sido negada tajantemente por la Polic\u00eda Local, desde donde se ha asegurado que \u00abno hay ni siquiera denuncia al respecto en la Polic\u00eda\u00bb.<\/p>\n<p>Desde la polic\u00eda Local de Bu\u00f1ol han remarcado que, puestos en contacto con sus hom\u00f3nimos de Chiva, \u00abnos han dicho que los\u00a0hechos no son para nada como se ha difundido por las redes sociales, por lo que han negado rotundamente que se haya producido un intento de secuestro\u00bb.<\/p>\n<p>Desde la Polic\u00eda Local de Bu\u00f1ol, incluso, han rogado a la ciudadan\u00eda que \u00abno participen en la difusi\u00f3n de noticias falsas\u00bb as\u00ed como que deben\u00a0\u00abcerciorarse de la veracidad de las informaciones que nos llegan. La mejor forma de constatar una noticia es recurriendo a las fuentes oficiales\u00bb.<\/p>\n","protected":false},"excerpt":{"rendered":"<div class=\"mh-excerpt\">Ante la alarma social que se ha suscitado, la Polic\u00eda Local se ha visto obligada a emitir un comunicado en el que niegan rotundamente que se haya producido un intento de secuestro de una menor <a class=\"mh-excerpt-more\" href=\"https:\/\/www.tucomarca.com\/wordpress\/segunda\/la-policia-local-desmiente-que-haya-habido-un-intento-de-secuestro-de-una-menor-en-chiva-ante-la-alarma-social-suscitada\/\" title=\"La Polic\u00eda Local desmiente que haya habido un intento de secuestro de una menor en Chiva ante la alarma social suscitada\">[+] <\/a><\/div>\n","protected":false},"author":1,"featured_media":64154,"comment_status":"open","ping_status":"open","sticky":false,"template":"","format":"standard","meta":{"footnotes":""},"categories":[18,16,8,10,3,116,45],"tags":[10385,10384,5952,33],"class_list":{"0":"post-64147","1":"post","2":"type-post","3":"status-publish","4":"format-standard","5":"has-post-thumbnail","7":"category-bunol","8":"category-chiva","9":"category-la-comarca","10":"category-la-hoya","11":"category-seccion","12":"category-sucesos-la-comarca","13":"category-ventana","14":"tag-bunol","15":"tag-chiva","16":"tag-la-hoya-de-bunol-chiva","17":"tag-sucesos"},"_links":{"self":[{"href":"https:\/\/www.tucomarca.com\/wordpress\/segunda\/wp-json\/wp\/v2\/posts\/64147","targetHints":{"allow":["GET"]}}],"collection":[{"href":"https:\/\/www.tucomarca.com\/wordpress\/segunda\/wp-json\/wp\/v2\/posts"}],"about":[{"href":"https:\/\/www.tucomarca.com\/wordpress\/segunda\/wp-json\/wp\/v2\/types\/post"}],"author":[{"embeddable":true,"href":"https:\/\/www.tucomarca.com\/wordpress\/segunda\/wp-json\/wp\/v2\/users\/1"}],"replies":[{"embeddable":true,"href":"https:\/\/www.tucomarca.com\/wordpress\/segunda\/wp-json\/wp\/v2\/comments?post=64147"}],"version-history":[{"count":0,"href":"https:\/\/www.tucomarca.com\/wordpress\/segunda\/wp-json\/wp\/v2\/posts\/64147\/revisions"}],"wp:featuredmedia":[{"embeddable":true,"href":"https:\/\/www.tucomarca.com\/wordpress\/segunda\/wp-json\/wp\/v2\/media\/64154"}],"wp:attachment":[{"href":"https:\/\/www.tucomarca.com\/wordpress\/segunda\/wp-json\/wp\/v2\/media?parent=64147"}],"wp:term":[{"taxonomy":"category","embeddable":true,"href":"https:\/\/www.tucomarca.com\/wordpress\/segunda\/wp-json\/wp\/v2\/categories?post=64147"},{"taxonomy":"post_tag","embeddable":true,"href":"https:\/\/www.tucomarca.com\/wordpress\/segunda\/wp-json\/wp\/v2\/tags?post=64147"}],"curies":[{"name":"wp","href":"https:\/\/api.w.org\/{rel}","templated":true}]}}