{"id":64189,"date":"2018-01-11T07:15:36","date_gmt":"2018-01-11T05:15:36","guid":{"rendered":"http:\/\/www.tucomarca.com\/wordpress\/segunda\/?p=64189"},"modified":"2018-01-11T03:28:47","modified_gmt":"2018-01-11T01:28:47","slug":"la-ud%e2%80%88yatova-femenino-se-desplaza-al-campo-del-vallbonense","status":"publish","type":"post","link":"https:\/\/www.tucomarca.com\/wordpress\/segunda\/la-ud%e2%80%88yatova-femenino-se-desplaza-al-campo-del-vallbonense\/","title":{"rendered":"La UD\u2008Y\u00e1tova Femenino se desplaza al campo del Vallbonense"},"content":{"rendered":"<figure id=\"attachment_63159\" aria-describedby=\"caption-attachment-63159\" style=\"width: 443px\" class=\"wp-caption alignleft\"><img loading=\"lazy\" decoding=\"async\" class=\" wp-image-63159\" src=\"https:\/\/www.tucomarca.com\/wordpress\/segunda\/wp-content\/uploads\/2017\/12\/yatovafemenino09.jpg\" alt=\"La UD Y\u00e1tova femenino vuelve a la competici\u00f3n tras el par\u00f3n navide\u00f1o. Foto: Ra\u00fal Miralles.\" width=\"443\" height=\"295\" srcset=\"https:\/\/www.tucomarca.com\/wordpress\/segunda\/wp-content\/uploads\/2017\/12\/yatovafemenino09.jpg 945w, https:\/\/www.tucomarca.com\/wordpress\/segunda\/wp-content\/uploads\/2017\/12\/yatovafemenino09-300x200.jpg 300w, https:\/\/www.tucomarca.com\/wordpress\/segunda\/wp-content\/uploads\/2017\/12\/yatovafemenino09-768x512.jpg 768w\" sizes=\"auto, (max-width: 443px) 100vw, 443px\" \/><figcaption id=\"caption-attachment-63159\" class=\"wp-caption-text\">La UD Y\u00e1tova femenino vuelve a la competici\u00f3n tras el par\u00f3n navide\u00f1o. Foto: Ra\u00fal Miralles.<\/figcaption><\/figure>\n<p>Este fin de semana volveremos por\u00a0fin a ver a las jugadoras yatoveras saltar al verde. Esta jornada se desplazan hasta el campo del Vallbonense.<\/p>\n<p>Las capitaneadas por Conchi, tras un empate la jornada \u00faltima, quieren volver a la din\u00e1mica de sumar \u00abde 3 en 3\u00bb que hab\u00eda llevado gran parte de esta temporada, por lo que asaltar a las d\u00e9cimas clasificadas no se antoja demasiado dif\u00edcil, \u00e1nimos a las de H\u00e9ctor. \u00a0Informa,\u00a0<strong>Ra\u00fal Miralles Lacalle<\/strong>\u00a0@raulmks<\/p>\n","protected":false},"excerpt":{"rendered":"<div class=\"mh-excerpt\">Este fin de semana volveremos por\u00a0fin a ver a las jugadoras yatoveras saltar al verde. Esta jornada se desplazan hasta el campo del Vallbonense. Las capitaneadas por Conchi, tras un empate la jornada \u00faltima, quieren <a class=\"mh-excerpt-more\" href=\"https:\/\/www.tucomarca.com\/wordpress\/segunda\/la-ud%e2%80%88yatova-femenino-se-desplaza-al-campo-del-vallbonense\/\" title=\"La UD\u2008Y\u00e1tova Femenino se desplaza al campo del Vallbonense\">[+] <\/a><\/div>\n","protected":false},"author":1,"featured_media":63159,"comment_status":"open","ping_status":"open","sticky":false,"template":"","format":"standard","meta":{"footnotes":""},"categories":[50,6,10,3,45,11],"tags":[10379,44,5952,995],"class_list":{"0":"post-64189","1":"post","2":"type-post","3":"status-publish","4":"format-standard","5":"has-post-thumbnail","7":"category-futbol-deportes","8":"category-deportes","9":"category-la-hoya","10":"category-seccion","11":"category-ventana","12":"category-yatova","13":"tag-deportes","14":"tag-futbol","15":"tag-la-hoya-de-bunol-chiva","16":"tag-ud-yatova"},"_links":{"self":[{"href":"https:\/\/www.tucomarca.com\/wordpress\/segunda\/wp-json\/wp\/v2\/posts\/64189","targetHints":{"allow":["GET"]}}],"collection":[{"href":"https:\/\/www.tucomarca.com\/wordpress\/segunda\/wp-json\/wp\/v2\/posts"}],"about":[{"href":"https:\/\/www.tucomarca.com\/wordpress\/segunda\/wp-json\/wp\/v2\/types\/post"}],"author":[{"embeddable":true,"href":"https:\/\/www.tucomarca.com\/wordpress\/segunda\/wp-json\/wp\/v2\/users\/1"}],"replies":[{"embeddable":true,"href":"https:\/\/www.tucomarca.com\/wordpress\/segunda\/wp-json\/wp\/v2\/comments?post=64189"}],"version-history":[{"count":0,"href":"https:\/\/www.tucomarca.com\/wordpress\/segunda\/wp-json\/wp\/v2\/posts\/64189\/revisions"}],"wp:featuredmedia":[{"embeddable":true,"href":"https:\/\/www.tucomarca.com\/wordpress\/segunda\/wp-json\/wp\/v2\/media\/63159"}],"wp:attachment":[{"href":"https:\/\/www.tucomarca.com\/wordpress\/segunda\/wp-json\/wp\/v2\/media?parent=64189"}],"wp:term":[{"taxonomy":"category","embeddable":true,"href":"https:\/\/www.tucomarca.com\/wordpress\/segunda\/wp-json\/wp\/v2\/categories?post=64189"},{"taxonomy":"post_tag","embeddable":true,"href":"https:\/\/www.tucomarca.com\/wordpress\/segunda\/wp-json\/wp\/v2\/tags?post=64189"}],"curies":[{"name":"wp","href":"https:\/\/api.w.org\/{rel}","templated":true}]}}