{"id":6422,"date":"2012-08-14T13:38:20","date_gmt":"2012-08-14T11:38:20","guid":{"rendered":"http:\/\/www.tucomarca.com\/wordpress\/segunda\/?p=6422"},"modified":"2012-08-14T13:38:20","modified_gmt":"2012-08-14T11:38:20","slug":"este-miercoles-se-inicia-la-media-veda-en-la-comunitat-valenciana","status":"publish","type":"post","link":"https:\/\/www.tucomarca.com\/wordpress\/segunda\/este-miercoles-se-inicia-la-media-veda-en-la-comunitat-valenciana\/","title":{"rendered":"Este mi\u00e9rcoles se inicia la media veda en la Comunitat Valenciana"},"content":{"rendered":"<p>Este mi\u00e9rcoles, 15 de agosto, se inicia la temporada de caza de media veda seg\u00fan ha  establecido la Conselleria de Infraestructuras, Territorio y Medio  Ambiente en la orden de vedas para la temporada 2012-2013.<\/p>\n<p>Una actividad que en la Comunitat Valenciana podr\u00e1n realizar  cerca de 79.000 personas ya que esa es la cantidad de licencias que hoy  por hoy est\u00e1n vigentes en territorio valenciano, tanto con armas como  sin armas. De ellas, m\u00e1s de 19.000 corresponden a la provincia de  Castell\u00f3n, m\u00e1s de  15.300 a la de Alicante y cerca de 40.000 a la  provincia de Valencia.<\/p>\n<p>As\u00ed, desde este mi\u00e9rcoles 15 de agosto y hasta el 9 de  septiembre (domingo) se podr\u00e1 practicar la caza en puesto fijo de  torcaces y t\u00f3rtolas, aunque \u00fanicamente en cotos de caza. El n\u00famero de  d\u00edas h\u00e1biles por coto es un m\u00e1ximo de 9<\/p>\n<p>Adem\u00e1s de las anteriores especies, en la media veda puede  cazarse simult\u00e1neamente otras palomas salvajes (zurita y brav\u00eda),  urraca, grajilla, corneja, estornino pinto y zorro.<\/p>\n<p>El periodo h\u00e1bil para la caza en mano de codorniz, se inici\u00f3 el  pasado jueves, 9 de agosto. Esta modalidad s\u00f3lo es practicable en cotos  de Castell\u00f3n y Valencia que la tengan autorizada en su plan de caza.<\/p>\n<p>Durante el periodo de la media es com\u00fan en los cotos de caza,  la suspensi\u00f3n de la caza del conejo con perros (podencos) y sin armas,  que se inici\u00f3 el pasado 15 de julio, a nivel general en la CV. No  obstante sus practicantes podr\u00e1n salir con sus perros, en aquellos  lugares o zonas y d\u00edas habilitados por el titular del acotado de caza y  establecidos a trav\u00e9s del plan t\u00e9cnico de caza.<\/p>\n<p>Esta modalidad s\u00ed puede practicarse en las zonas comunes de  caza, o com\u00fanmente denominadas libres, los jueves, s\u00e1bados y domingos  desde el pasado 15 de julio. El n\u00famero de perros est\u00e1 limitado a 8  perros por cazador y 15 por grupo.<\/p>\n","protected":false},"excerpt":{"rendered":"<div class=\"mh-excerpt\">Este mi\u00e9rcoles, 15 de agosto, se inicia la temporada de caza de media veda seg\u00fan ha establecido la Conselleria de Infraestructuras, Territorio y Medio Ambiente en la orden de vedas para la temporada 2012-2013. Una <a class=\"mh-excerpt-more\" href=\"https:\/\/www.tucomarca.com\/wordpress\/segunda\/este-miercoles-se-inicia-la-media-veda-en-la-comunitat-valenciana\/\" title=\"Este mi\u00e9rcoles se inicia la media veda en la Comunitat Valenciana\">[+] <\/a><\/div>\n","protected":false},"author":1,"featured_media":0,"comment_status":"open","ping_status":"open","sticky":false,"template":"","format":"standard","meta":{"footnotes":""},"categories":[8,72,117,3],"tags":[],"class_list":{"0":"post-6422","1":"post","2":"type-post","3":"status-publish","4":"format-standard","6":"category-la-comarca","7":"category-sin-categorizar","8":"category-medio-ambiente-la-comarca","9":"category-seccion"},"_links":{"self":[{"href":"https:\/\/www.tucomarca.com\/wordpress\/segunda\/wp-json\/wp\/v2\/posts\/6422","targetHints":{"allow":["GET"]}}],"collection":[{"href":"https:\/\/www.tucomarca.com\/wordpress\/segunda\/wp-json\/wp\/v2\/posts"}],"about":[{"href":"https:\/\/www.tucomarca.com\/wordpress\/segunda\/wp-json\/wp\/v2\/types\/post"}],"author":[{"embeddable":true,"href":"https:\/\/www.tucomarca.com\/wordpress\/segunda\/wp-json\/wp\/v2\/users\/1"}],"replies":[{"embeddable":true,"href":"https:\/\/www.tucomarca.com\/wordpress\/segunda\/wp-json\/wp\/v2\/comments?post=6422"}],"version-history":[{"count":0,"href":"https:\/\/www.tucomarca.com\/wordpress\/segunda\/wp-json\/wp\/v2\/posts\/6422\/revisions"}],"wp:attachment":[{"href":"https:\/\/www.tucomarca.com\/wordpress\/segunda\/wp-json\/wp\/v2\/media?parent=6422"}],"wp:term":[{"taxonomy":"category","embeddable":true,"href":"https:\/\/www.tucomarca.com\/wordpress\/segunda\/wp-json\/wp\/v2\/categories?post=6422"},{"taxonomy":"post_tag","embeddable":true,"href":"https:\/\/www.tucomarca.com\/wordpress\/segunda\/wp-json\/wp\/v2\/tags?post=6422"}],"curies":[{"name":"wp","href":"https:\/\/api.w.org\/{rel}","templated":true}]}}