{"id":6424,"date":"2012-08-14T13:38:07","date_gmt":"2012-08-14T11:38:07","guid":{"rendered":"http:\/\/www.tucomarca.com\/wordpress\/segunda\/?p=6424"},"modified":"2012-08-14T13:38:07","modified_gmt":"2012-08-14T11:38:07","slug":"el-exito-de-los-cipreses-de-imelsa-como-cortafuegos-atrae-la-atencion-nacional","status":"publish","type":"post","link":"https:\/\/www.tucomarca.com\/wordpress\/segunda\/el-exito-de-los-cipreses-de-imelsa-como-cortafuegos-atrae-la-atencion-nacional\/","title":{"rendered":"El \u00e9xito de los cipreses de Imelsa como cortafuegos atrae la atenci\u00f3n nacional"},"content":{"rendered":"<div>\n<figure id=\"attachment_6427\" aria-describedby=\"caption-attachment-6427\" style=\"width: 300px\" class=\"wp-caption alignleft\"><a href=\"https:\/\/www.tucomarca.com\/wordpress\/segunda\/wp-content\/uploads\/2012\/08\/cipreses.jpg\"><img loading=\"lazy\" decoding=\"async\" class=\"size-medium wp-image-6427\" title=\"cipreses\" src=\"https:\/\/www.tucomarca.com\/wordpress\/segunda\/wp-content\/uploads\/2012\/08\/cipreses-300x199.jpg\" alt=\"Parcelas experimentales de cipreses del Proyecto CypFire, Jerica.\" width=\"300\" height=\"199\" srcset=\"https:\/\/www.tucomarca.com\/wordpress\/segunda\/wp-content\/uploads\/2012\/08\/cipreses-300x199.jpg 300w, https:\/\/www.tucomarca.com\/wordpress\/segunda\/wp-content\/uploads\/2012\/08\/cipreses-1024x682.jpg 1024w, https:\/\/www.tucomarca.com\/wordpress\/segunda\/wp-content\/uploads\/2012\/08\/cipreses.jpg 1772w\" sizes=\"auto, (max-width: 300px) 100vw, 300px\" \/><\/a><figcaption id=\"caption-attachment-6427\" class=\"wp-caption-text\">Parcelas experimentales de cipreses del Proyecto CypFire, Jerica.<\/figcaption><\/figure>\n<p>La pr\u00e1ctica totalidad de los grandes  medios de comunicaci\u00f3n nacionales se ha hecho eco de los estudios del  departamento de \u00c1rboles Monumentales de la Diputaci\u00f3n de Valencia sobre  la utilizaci\u00f3n de cipreses como barreras naturales contra el fuego,  desde que la zona de ensayo sobrevivi\u00f3 al pasado incendio de Andilla el  pasado verano.<\/p>\n<p>Tras el incendio forestal de Andilla,  que se declar\u00f3 el pasado 29 de junio, t\u00e9cnicos IMELSA visitaron las  parcelas experimentales de cipreses y constataron que hab\u00edan sobrevivido  el 90 por ciento de los ejemplares.<\/p>\n<p>La barrera, formada por 946 cipreses de  distintas especies y variedades con una altura de hasta 9 metros, qued\u00f3  completamente rodeada por el fuego. Sin embargo, la vegetaci\u00f3n  colindante formada por un bosque de mixto de pinos carrascos, encinas,  quejigos, coscojas, enebros, sabinas y aliagas qued\u00f3 completamente  calcinada.<\/p>\n<p><strong>Una especie caracter\u00edstica de los pa\u00edses mediterr\u00e1neos <\/strong><\/p>\n<p>El cipr\u00e9s mediterr\u00e1neo o cipr\u00e9s com\u00fan  presenta una serie de caracter\u00edsticas morfol\u00f3gicas y ecol\u00f3gicas que le  hacen especialmente interesante en la lucha contra los incendios  forestales: menor inflamabilidad y combustibilidad que otras especies,  baja emisi\u00f3n de part\u00edculas incendiarias, disminuci\u00f3n de la biomasa  presente en la superficie\u00a0 y su acci\u00f3n como cortavientos, lo que  dificulta el avance del fuego de copa, de suelo y los incendios  explosivos.<\/p>\n<p>El cipr\u00e9s com\u00fan es una especie  mediterr\u00e1nea caracter\u00edstica de nuestro paisaje que est\u00e1 presente en las  zonas urbanizadas y segundas residencias en forma de setos y vallas o en  la agricultura para la protecci\u00f3n de los cultivos, una planificaci\u00f3n  del territorio que integre la plantaci\u00f3n de esta especie en forma de  escudos y fajas estrat\u00e9gicas, contribuir\u00e1 a facilitar el control de los  incendios forestales.<\/p>\n<p>Bernab\u00e9 Moya, director del departamento  de \u00c1rboles de IMELSA, ha destacado la necesidad de \u201ccontinuar creando  nuevas l\u00edneas de actuaci\u00f3n, desarrollar estrategias comunes y potenciar  las l\u00edneas de investigaci\u00f3n contra los incendios forestales para mejorar  la prevenci\u00f3n, disminuir los da\u00f1os e incrementar la seguridad de los  ciudadanos y profesionales frente al fuego\u201d. Los resultados de estos  estudios y sus aplicaciones las expondr\u00e1n los investigadores el pr\u00f3ximo  mes septiembre en Valencia, en un curso dirigido a los profesionales e  interesados.<\/p>\n<p><strong>El programa CypFire se desarrolla en nueve pa\u00edses<\/strong><\/p>\n<p>El proyecto europeo \u201cCypFire\u201d-  \u201cBarri\u00e8res vertes de cypr\u00e8s contre l\u2019incendie: une soluti\u00f3n faisable,  \u00e9cologique et \u00e9conomique pour sauvegarder les r\u00e9gions m\u00e9diterran\u00e9es\u201d,  est\u00e1 cofinanciado por fondos FEDER del programa MED de la Uni\u00f3n Europea,  y se desarrolla en colaboraci\u00f3n con 12 centros de (I+D+i)\u00a0 de 9 pa\u00edses  del arco mediterr\u00e1neo (Italia, Francia, Portugal, Grecia, Malta, Espa\u00f1a,  T\u00fanez, Israel y Turqu\u00eda).<\/p>\n<\/div>\n","protected":false},"excerpt":{"rendered":"<div class=\"mh-excerpt\">La pr\u00e1ctica totalidad de los grandes medios de comunicaci\u00f3n nacionales se ha hecho eco de los estudios del departamento de \u00c1rboles Monumentales de la Diputaci\u00f3n de Valencia sobre la utilizaci\u00f3n de cipreses como barreras naturales <a class=\"mh-excerpt-more\" href=\"https:\/\/www.tucomarca.com\/wordpress\/segunda\/el-exito-de-los-cipreses-de-imelsa-como-cortafuegos-atrae-la-atencion-nacional\/\" title=\"El \u00e9xito de los cipreses de Imelsa como cortafuegos atrae la atenci\u00f3n nacional\">[+] <\/a><\/div>\n","protected":false},"author":1,"featured_media":6427,"comment_status":"open","ping_status":"open","sticky":false,"template":"","format":"standard","meta":{"footnotes":""},"categories":[169,191,8,72,59,117,3,116],"tags":[],"class_list":{"0":"post-6424","1":"post","2":"type-post","3":"status-publish","4":"format-standard","5":"has-post-thumbnail","7":"category-agricultura-la-comarca","8":"category-andilla","9":"category-la-comarca","10":"category-sin-categorizar","11":"category-los-serranos","12":"category-medio-ambiente-la-comarca","13":"category-seccion","14":"category-sucesos-la-comarca"},"_links":{"self":[{"href":"https:\/\/www.tucomarca.com\/wordpress\/segunda\/wp-json\/wp\/v2\/posts\/6424","targetHints":{"allow":["GET"]}}],"collection":[{"href":"https:\/\/www.tucomarca.com\/wordpress\/segunda\/wp-json\/wp\/v2\/posts"}],"about":[{"href":"https:\/\/www.tucomarca.com\/wordpress\/segunda\/wp-json\/wp\/v2\/types\/post"}],"author":[{"embeddable":true,"href":"https:\/\/www.tucomarca.com\/wordpress\/segunda\/wp-json\/wp\/v2\/users\/1"}],"replies":[{"embeddable":true,"href":"https:\/\/www.tucomarca.com\/wordpress\/segunda\/wp-json\/wp\/v2\/comments?post=6424"}],"version-history":[{"count":0,"href":"https:\/\/www.tucomarca.com\/wordpress\/segunda\/wp-json\/wp\/v2\/posts\/6424\/revisions"}],"wp:featuredmedia":[{"embeddable":true,"href":"https:\/\/www.tucomarca.com\/wordpress\/segunda\/wp-json\/wp\/v2\/media\/6427"}],"wp:attachment":[{"href":"https:\/\/www.tucomarca.com\/wordpress\/segunda\/wp-json\/wp\/v2\/media?parent=6424"}],"wp:term":[{"taxonomy":"category","embeddable":true,"href":"https:\/\/www.tucomarca.com\/wordpress\/segunda\/wp-json\/wp\/v2\/categories?post=6424"},{"taxonomy":"post_tag","embeddable":true,"href":"https:\/\/www.tucomarca.com\/wordpress\/segunda\/wp-json\/wp\/v2\/tags?post=6424"}],"curies":[{"name":"wp","href":"https:\/\/api.w.org\/{rel}","templated":true}]}}