{"id":6435,"date":"2012-08-14T17:48:57","date_gmt":"2012-08-14T15:48:57","guid":{"rendered":"http:\/\/www.tucomarca.com\/wordpress\/segunda\/?p=6435"},"modified":"2012-08-14T17:48:57","modified_gmt":"2012-08-14T15:48:57","slug":"turis-recibe-esta-tarde-a-la-gimnasta-elena-lopez-cuarta-clasificada-en-los-juegos-olimpicos-de-londres-con-el-equipo-nacional","status":"publish","type":"post","link":"https:\/\/www.tucomarca.com\/wordpress\/segunda\/turis-recibe-esta-tarde-a-la-gimnasta-elena-lopez-cuarta-clasificada-en-los-juegos-olimpicos-de-londres-con-el-equipo-nacional\/","title":{"rendered":"Tur\u00eds recibe esta tarde a la gimnasta Elena L\u00f3pez, cuarta clasificada en los Juegos Ol\u00edmpicos de Londres con el equipo nacional"},"content":{"rendered":"<p>La poblaci\u00f3n de Tur\u00eds tiene previsto recibir esta tarde por todo lo alto a la gimnasta y pasiana Elena L\u00f3pez Benaches, flamante cuarta clasificada junto al equipo ol\u00edmpico nacional en los Juegos de Londres, y que ha obtenido por tanto diploma ol\u00edmpico.<\/p>\n<p>Tal como han informado fuentes del consistorio turisano, la recepci\u00f3n est\u00e1 prevista a las 20,30 horas en el Ayuntamiento.<\/p>\n","protected":false},"excerpt":{"rendered":"<div class=\"mh-excerpt\">La poblaci\u00f3n de Tur\u00eds tiene previsto recibir esta tarde por todo lo alto a la gimnasta y pasiana Elena L\u00f3pez Benaches, flamante cuarta clasificada junto al equipo ol\u00edmpico nacional en los Juegos de Londres, y <a class=\"mh-excerpt-more\" href=\"https:\/\/www.tucomarca.com\/wordpress\/segunda\/turis-recibe-esta-tarde-a-la-gimnasta-elena-lopez-cuarta-clasificada-en-los-juegos-olimpicos-de-londres-con-el-equipo-nacional\/\" title=\"Tur\u00eds recibe esta tarde a la gimnasta Elena L\u00f3pez, cuarta clasificada en los Juegos Ol\u00edmpicos de Londres con el equipo nacional\">[+] <\/a><\/div>\n","protected":false},"author":1,"featured_media":0,"comment_status":"open","ping_status":"open","sticky":false,"template":"","format":"standard","meta":{"footnotes":""},"categories":[4,42,3,43],"tags":[],"class_list":{"0":"post-6435","1":"post","2":"type-post","3":"status-publish","4":"format-standard","6":"category-agenda","7":"category-la-ribera","8":"category-seccion","9":"category-turis"},"_links":{"self":[{"href":"https:\/\/www.tucomarca.com\/wordpress\/segunda\/wp-json\/wp\/v2\/posts\/6435","targetHints":{"allow":["GET"]}}],"collection":[{"href":"https:\/\/www.tucomarca.com\/wordpress\/segunda\/wp-json\/wp\/v2\/posts"}],"about":[{"href":"https:\/\/www.tucomarca.com\/wordpress\/segunda\/wp-json\/wp\/v2\/types\/post"}],"author":[{"embeddable":true,"href":"https:\/\/www.tucomarca.com\/wordpress\/segunda\/wp-json\/wp\/v2\/users\/1"}],"replies":[{"embeddable":true,"href":"https:\/\/www.tucomarca.com\/wordpress\/segunda\/wp-json\/wp\/v2\/comments?post=6435"}],"version-history":[{"count":0,"href":"https:\/\/www.tucomarca.com\/wordpress\/segunda\/wp-json\/wp\/v2\/posts\/6435\/revisions"}],"wp:attachment":[{"href":"https:\/\/www.tucomarca.com\/wordpress\/segunda\/wp-json\/wp\/v2\/media?parent=6435"}],"wp:term":[{"taxonomy":"category","embeddable":true,"href":"https:\/\/www.tucomarca.com\/wordpress\/segunda\/wp-json\/wp\/v2\/categories?post=6435"},{"taxonomy":"post_tag","embeddable":true,"href":"https:\/\/www.tucomarca.com\/wordpress\/segunda\/wp-json\/wp\/v2\/tags?post=6435"}],"curies":[{"name":"wp","href":"https:\/\/api.w.org\/{rel}","templated":true}]}}