{"id":64367,"date":"2018-01-16T14:49:04","date_gmt":"2018-01-16T12:49:04","guid":{"rendered":"http:\/\/www.tucomarca.com\/wordpress\/segunda\/?p=64367"},"modified":"2018-01-16T14:49:04","modified_gmt":"2018-01-16T12:49:04","slug":"la-guardia-civil-detiene-en-chiva-a-un-vecino-de-alborache-de-34-anos-por-disparar-contra-las-personas-que-se-encontraban-en-un-bar-de-turis","status":"publish","type":"post","link":"https:\/\/www.tucomarca.com\/wordpress\/segunda\/la-guardia-civil-detiene-en-chiva-a-un-vecino-de-alborache-de-34-anos-por-disparar-contra-las-personas-que-se-encontraban-en-un-bar-de-turis\/","title":{"rendered":"La Guardia Civil detiene en Chiva a un vecino de Alborache de 34 a\u00f1os por disparar contra las personas que se encontraban en un bar de Tur\u00eds"},"content":{"rendered":"<figure id=\"attachment_64376\" aria-describedby=\"caption-attachment-64376\" style=\"width: 1440px\" class=\"wp-caption alignleft\"><img loading=\"lazy\" decoding=\"async\" class=\"size-full wp-image-64376\" src=\"https:\/\/www.tucomarca.com\/wordpress\/segunda\/wp-content\/uploads\/2018\/01\/Alborachedetenido.jpg\" alt=\"Un agente de la Guardia Civil porta el arma que ha sido incautada al detenido.\" width=\"1440\" height=\"1080\" srcset=\"https:\/\/www.tucomarca.com\/wordpress\/segunda\/wp-content\/uploads\/2018\/01\/Alborachedetenido.jpg 1440w, https:\/\/www.tucomarca.com\/wordpress\/segunda\/wp-content\/uploads\/2018\/01\/Alborachedetenido-300x225.jpg 300w, https:\/\/www.tucomarca.com\/wordpress\/segunda\/wp-content\/uploads\/2018\/01\/Alborachedetenido-768x576.jpg 768w, https:\/\/www.tucomarca.com\/wordpress\/segunda\/wp-content\/uploads\/2018\/01\/Alborachedetenido-1024x768.jpg 1024w\" sizes=\"auto, (max-width: 1440px) 100vw, 1440px\" \/><figcaption id=\"caption-attachment-64376\" class=\"wp-caption-text\">Un agente de la Guardia Civil porta el arma que ha sido incautada al detenido.<\/figcaption><\/figure>\n<p>Tal como han informado fuentes de la Comandancia de la Guardia Civil, efectivos de este cuerpo de Chiva tuvieron conocimiento el pasado dia 14 de un altercado en un bar de la localidad de Tur\u00eds, donde un var\u00f3n hab\u00eda disparado con un arma de fuego contra personas que se encontraban en el interior del citado local.<\/p>\n<p>Seg\u00fan han explicado desde Comandancia de la Guarcia Civil, \u00abel detenido tras mantener una discusi\u00f3n en el interior del local fue a su coche y regres\u00f3 con un arma de fuego y realizo disparos desde el exterior.\u00a0Varios de estos disparos impactaron en el marco de la puerta del establecimiento y las personas que hab\u00eda en su interior tuvieron que ponerse a salvo detr\u00e1s de la barra o en los aseos del local\u00bb.<\/p>\n<p>\u00abPor todo eso, se inicio la operaci\u00f3n\u00a0\u00abCaliber\u00bb por parte de componentes de la Guardia Civil de Chiva junto con el Equipo de Polic\u00eda Judicial de Ribarroja del Turia y en colaboraci\u00f3n con la Polic\u00eda Local de Tur\u00eds al objeto de poder localizar, identificar y detener al autor de estos hechos delictivos\u00bb, seg\u00fan las mismas fuentes.<\/p>\n<p>Las investigaciones llevaron hasta un var\u00f3n de 34 a\u00f1os de edad y de nacionalidad espa\u00f1ola, \u00abel cual carec\u00eda de licencia o permisos necesarios para la tenencia y uso de armas de fuego reglamentadas\u00bb.<\/p>\n<p>La Guardia Civil activ\u00f3 de inmediato un dispositivo para localizaci\u00f3n al autor de los hechos en diferentes parajes del municipio de Tur\u00eds, extendi\u00e9ndose a otros lim\u00edtrofes, b\u00fasqueda en la que participaron agentes de la Guardia Civil de la Comandancia de la Guardia Civil de Valencia pertenecientes a Seguridad Ciudadana as\u00ed como\u00a0otros agentes de la Polic\u00eda Local,\u00a0\u00abcon el fin de proceder a la detenci\u00f3n del presunto autor de los hechos, dando como resultado y gracias a la efectividad de los agentes intervinientes, la detenci\u00f3n de esta persona en Chiva\u00bb.<\/p>\n<p>Se realiz\u00f3 un registro en la casa del sospechoso, que est\u00e1 situada en la localidad de Alborache, en la que se descubri\u00f3 numerosas cajas de munici\u00f3n para armas largas de caza.<\/p>\n<p>Tambi\u00e9n se desmantel\u00f3 una plantaci\u00f3n \u201cindoor\u201d de marihuana que ocupaba \u00abvarias de las habitaciones perfectamente preparadas, contando con sistemas de refrigeraci\u00f3n y ventilaci\u00f3n, l\u00e1mparas calor\u00edficas, acumuladores, as\u00ed como diferentes materiales y efectos utilizados para el cultivo y elaboraci\u00f3n de esta droga y en la que fueron intervenidas 60 plantas de marihuana listas y preparadas para ser distribuidas para su venta, as\u00ed como otros 253 plantones de marihuana\u00bb, seg\u00fan fuentes de la Comandancia.<\/p>\n<p>\u00abFinalizado el registro y tras recabar informaci\u00f3n complementaria por parte de los agentes intervinientes, estos se trasladaron al paraje conocido como \u201cEl bobalar\u201d perteneciente al municipio de Alborache donde finalmente localizaron en un zulo cercano al domicilio del autor detenido, el arma de fuego utilizada en los hechos delictivos, trat\u00e1ndose de una carabina del calibre 22, junto a ella se encontraba el cargador de la misma\u00bb.<\/p>\n<p>Las diligencias instruidas ser\u00e1n entregadas en el Juzgado de\u00a0 Instrucci\u00f3n n\u00ba 1 de Requena.<\/p>\n","protected":false},"excerpt":{"rendered":"<div class=\"mh-excerpt\">Tal como han informado fuentes de la Comandancia de la Guardia Civil, efectivos de este cuerpo de Chiva tuvieron conocimiento el pasado dia 14 de un altercado en un bar de la localidad de Tur\u00eds, <a class=\"mh-excerpt-more\" href=\"https:\/\/www.tucomarca.com\/wordpress\/segunda\/la-guardia-civil-detiene-en-chiva-a-un-vecino-de-alborache-de-34-anos-por-disparar-contra-las-personas-que-se-encontraban-en-un-bar-de-turis\/\" title=\"La Guardia Civil detiene en Chiva a un vecino de Alborache de 34 a\u00f1os por disparar contra las personas que se encontraban en un bar de Tur\u00eds\">[+] <\/a><\/div>\n","protected":false},"author":1,"featured_media":64376,"comment_status":"open","ping_status":"open","sticky":false,"template":"","format":"standard","meta":{"footnotes":""},"categories":[19,16,8,72,10,42,3,116,43,45],"tags":[10386,10384,5952,3640,33,10394],"class_list":{"0":"post-64367","1":"post","2":"type-post","3":"status-publish","4":"format-standard","5":"has-post-thumbnail","7":"category-alborache","8":"category-chiva","9":"category-la-comarca","10":"category-sin-categorizar","11":"category-la-hoya","12":"category-la-ribera","13":"category-seccion","14":"category-sucesos-la-comarca","15":"category-turis","16":"category-ventana","17":"tag-alborache","18":"tag-chiva","19":"tag-la-hoya-de-bunol-chiva","20":"tag-la-ribera-alta","21":"tag-sucesos","22":"tag-turis"},"_links":{"self":[{"href":"https:\/\/www.tucomarca.com\/wordpress\/segunda\/wp-json\/wp\/v2\/posts\/64367","targetHints":{"allow":["GET"]}}],"collection":[{"href":"https:\/\/www.tucomarca.com\/wordpress\/segunda\/wp-json\/wp\/v2\/posts"}],"about":[{"href":"https:\/\/www.tucomarca.com\/wordpress\/segunda\/wp-json\/wp\/v2\/types\/post"}],"author":[{"embeddable":true,"href":"https:\/\/www.tucomarca.com\/wordpress\/segunda\/wp-json\/wp\/v2\/users\/1"}],"replies":[{"embeddable":true,"href":"https:\/\/www.tucomarca.com\/wordpress\/segunda\/wp-json\/wp\/v2\/comments?post=64367"}],"version-history":[{"count":0,"href":"https:\/\/www.tucomarca.com\/wordpress\/segunda\/wp-json\/wp\/v2\/posts\/64367\/revisions"}],"wp:featuredmedia":[{"embeddable":true,"href":"https:\/\/www.tucomarca.com\/wordpress\/segunda\/wp-json\/wp\/v2\/media\/64376"}],"wp:attachment":[{"href":"https:\/\/www.tucomarca.com\/wordpress\/segunda\/wp-json\/wp\/v2\/media?parent=64367"}],"wp:term":[{"taxonomy":"category","embeddable":true,"href":"https:\/\/www.tucomarca.com\/wordpress\/segunda\/wp-json\/wp\/v2\/categories?post=64367"},{"taxonomy":"post_tag","embeddable":true,"href":"https:\/\/www.tucomarca.com\/wordpress\/segunda\/wp-json\/wp\/v2\/tags?post=64367"}],"curies":[{"name":"wp","href":"https:\/\/api.w.org\/{rel}","templated":true}]}}