{"id":6437,"date":"2012-08-15T10:50:24","date_gmt":"2012-08-15T08:50:24","guid":{"rendered":"http:\/\/www.tucomarca.com\/wordpress\/segunda\/?p=6437"},"modified":"2012-08-15T10:53:50","modified_gmt":"2012-08-15T08:53:50","slug":"gobernacion-amplia-la-preemergencia-por-riesgo-de-incendios-forestales-a-toda-la-comunitat-valenciana","status":"publish","type":"post","link":"https:\/\/www.tucomarca.com\/wordpress\/segunda\/gobernacion-amplia-la-preemergencia-por-riesgo-de-incendios-forestales-a-toda-la-comunitat-valenciana\/","title":{"rendered":"Gobernaci\u00f3n ampl\u00eda la Preemergencia por riesgo de incendios forestales a toda la Comunidad Valenciana"},"content":{"rendered":"<p>La conselleria de Gobernaci\u00f3n, a trav\u00e9s del Centro de Coordinaci\u00f3n de Emergencias (CCE), ha este mi\u00e9rcoles, 15 de agosto, el Nivel 3 de Preemergencia, riesgo m\u00e1ximo de incendios forestales, a toda la Comunitat Valenciana.<br \/>\nLa Agencia Estatal de Meteorolog\u00eda (AEMET) prev\u00e9 para la jornada de hoy cielos poco nubosos, con alguna nubosidad baja en el litoral norte a primeras horas. Temperaturas m\u00ednimas sin cambios. M\u00e1ximas sin cambios en el interior, y en ascenso ligero a moderado en el litoral, localmente notable, pudiendo alcanzar 39 grados en puntos<br \/>\ndel litoral de Valencia, y 36 grados en otras zonas. Vientos de<br \/>\ncomponente oeste flojos, con intervalos de brisa por la tarde en<br \/>\nel litoral.<br \/>\nLa conselleria de Gobernaci\u00f3n recuerda que el Nivel 3 de Preemergencia o riesgo m\u00e1ximo de incendios forestales supone la prohibici\u00f3n de realizar cualquier tipo de fuego, incluso en las zonas recreativas autorizadas y habilitadas al efecto, e insiste en que con car\u00e1cter general las quemas agr\u00edcolas en el monte o a menos de 500 metros de terreno forestal est\u00e1n completamente prohibidas entre el 1 de junio y el 30 de septiembre.<br \/>\nAnte esta situaci\u00f3n, el CCE mantiene contacto directo con todos los ayuntamientos y organismos de emergencia afectados con el fin de informarles de la situaci\u00f3n y evoluci\u00f3n de la Preemergencia. Adem\u00e1s, el dispositivo de prevenci\u00f3n y extinci\u00f3n de incendios de la Comunitat Valenciana se encuentra en m\u00e1xima alerta por si es necesaria su intervenci\u00f3n.<br \/>\nPor \u00faltimo, el CCE y la conselleria de Gobernaci\u00f3n hacen un llamamiento a la prudencia de la sociedad en general para evitar, en la medida de lo posible, posibles incendios forestales y a respetar y cumplir en todo momento las prohibiciones y recomendaciones que se derivan de decretar Preemergencia por riesgo de incendios forestales.<\/p>\n","protected":false},"excerpt":{"rendered":"<div class=\"mh-excerpt\">La conselleria de Gobernaci\u00f3n, a trav\u00e9s del Centro de Coordinaci\u00f3n de Emergencias (CCE), ha este mi\u00e9rcoles, 15 de agosto, el Nivel 3 de Preemergencia, riesgo m\u00e1ximo de incendios forestales, a toda la Comunitat Valenciana. La <a class=\"mh-excerpt-more\" href=\"https:\/\/www.tucomarca.com\/wordpress\/segunda\/gobernacion-amplia-la-preemergencia-por-riesgo-de-incendios-forestales-a-toda-la-comunitat-valenciana\/\" title=\"Gobernaci\u00f3n ampl\u00eda la Preemergencia por riesgo de incendios forestales a toda la Comunidad Valenciana\">[+] <\/a><\/div>\n","protected":false},"author":2,"featured_media":0,"comment_status":"open","ping_status":"open","sticky":false,"template":"","format":"standard","meta":{"footnotes":""},"categories":[8,72,10,3],"tags":[394],"class_list":{"0":"post-6437","1":"post","2":"type-post","3":"status-publish","4":"format-standard","6":"category-la-comarca","7":"category-sin-categorizar","8":"category-la-hoya","9":"category-seccion","10":"tag-preemergencia"},"_links":{"self":[{"href":"https:\/\/www.tucomarca.com\/wordpress\/segunda\/wp-json\/wp\/v2\/posts\/6437","targetHints":{"allow":["GET"]}}],"collection":[{"href":"https:\/\/www.tucomarca.com\/wordpress\/segunda\/wp-json\/wp\/v2\/posts"}],"about":[{"href":"https:\/\/www.tucomarca.com\/wordpress\/segunda\/wp-json\/wp\/v2\/types\/post"}],"author":[{"embeddable":true,"href":"https:\/\/www.tucomarca.com\/wordpress\/segunda\/wp-json\/wp\/v2\/users\/2"}],"replies":[{"embeddable":true,"href":"https:\/\/www.tucomarca.com\/wordpress\/segunda\/wp-json\/wp\/v2\/comments?post=6437"}],"version-history":[{"count":0,"href":"https:\/\/www.tucomarca.com\/wordpress\/segunda\/wp-json\/wp\/v2\/posts\/6437\/revisions"}],"wp:attachment":[{"href":"https:\/\/www.tucomarca.com\/wordpress\/segunda\/wp-json\/wp\/v2\/media?parent=6437"}],"wp:term":[{"taxonomy":"category","embeddable":true,"href":"https:\/\/www.tucomarca.com\/wordpress\/segunda\/wp-json\/wp\/v2\/categories?post=6437"},{"taxonomy":"post_tag","embeddable":true,"href":"https:\/\/www.tucomarca.com\/wordpress\/segunda\/wp-json\/wp\/v2\/tags?post=6437"}],"curies":[{"name":"wp","href":"https:\/\/api.w.org\/{rel}","templated":true}]}}