{"id":6443,"date":"2012-08-15T17:49:30","date_gmt":"2012-08-15T15:49:30","guid":{"rendered":"http:\/\/www.tucomarca.com\/wordpress\/segunda\/?p=6443"},"modified":"2012-08-15T17:49:30","modified_gmt":"2012-08-15T15:49:30","slug":"turis-recibe-a-lo-grande-a-la-gimnasta-elena-lopez-tras-su-paso-por-los-juegos-olimpicos","status":"publish","type":"post","link":"https:\/\/www.tucomarca.com\/wordpress\/segunda\/turis-recibe-a-lo-grande-a-la-gimnasta-elena-lopez-tras-su-paso-por-los-juegos-olimpicos\/","title":{"rendered":"Tur\u00eds recibe a lo grande a la gimnasta Elena L\u00f3pez tras su paso por los Juegos Ol\u00edmpicos"},"content":{"rendered":"<p>Vecinos, amigos y familiares de la joven Elena L\u00f3pez se han volcado durante la recepci\u00f3n a la gimnasta durante la tarde de este martes en la localidad.<\/p>\n<p>Elena, quien estuvo acompa\u00f1ada por sus familiares, fue aplaudida por decenas de vecinos, quienes se agolparon en las inmediaciones de la Casa de la Vila. Aqu\u00ed, la alcaldesa Pilar Lozano le invit\u00f3 a escribir en el libro de honor y le impuso la insignia de oro del consistorio.<\/p>\n<p>Tambi\u00e9n se le entreg\u00f3 un trozo de la cuerda que amarr\u00f3 al toro de cuerda durante los festejos taurinos, una celebraci\u00f3n que esta joven deportistas de diecisiete a\u00f1os se perdi\u00f3 por coincidir con su concentraci\u00f3n en tierras brit\u00e1nicas junto al resto de componentes de la selecci\u00f3n.<\/p>\n<p>M\u00e1s informaci\u00f3n y fotos, en la edici\u00f3n impresa de <strong>tucomarca.com<\/strong> de esta semana (n\u00ba 462) para La Hoya de Bu\u00f1ol-Chiva y comarcas lim\u00edtrofes.<\/p>\n","protected":false},"excerpt":{"rendered":"<div class=\"mh-excerpt\">Vecinos, amigos y familiares de la joven Elena L\u00f3pez se han volcado durante la recepci\u00f3n a la gimnasta durante la tarde de este martes en la localidad. Elena, quien estuvo acompa\u00f1ada por sus familiares, fue <a class=\"mh-excerpt-more\" href=\"https:\/\/www.tucomarca.com\/wordpress\/segunda\/turis-recibe-a-lo-grande-a-la-gimnasta-elena-lopez-tras-su-paso-por-los-juegos-olimpicos\/\" title=\"Tur\u00eds recibe a lo grande a la gimnasta Elena L\u00f3pez tras su paso por los Juegos Ol\u00edmpicos\">[+] <\/a><\/div>\n","protected":false},"author":1,"featured_media":6446,"comment_status":"open","ping_status":"open","sticky":false,"template":"","format":"standard","meta":{"footnotes":""},"categories":[6,42,199,3,43,45],"tags":[],"class_list":{"0":"post-6443","1":"post","2":"type-post","3":"status-publish","4":"format-standard","5":"has-post-thumbnail","7":"category-deportes","8":"category-la-ribera","9":"category-polideportivo","10":"category-seccion","11":"category-turis","12":"category-ventana"},"_links":{"self":[{"href":"https:\/\/www.tucomarca.com\/wordpress\/segunda\/wp-json\/wp\/v2\/posts\/6443","targetHints":{"allow":["GET"]}}],"collection":[{"href":"https:\/\/www.tucomarca.com\/wordpress\/segunda\/wp-json\/wp\/v2\/posts"}],"about":[{"href":"https:\/\/www.tucomarca.com\/wordpress\/segunda\/wp-json\/wp\/v2\/types\/post"}],"author":[{"embeddable":true,"href":"https:\/\/www.tucomarca.com\/wordpress\/segunda\/wp-json\/wp\/v2\/users\/1"}],"replies":[{"embeddable":true,"href":"https:\/\/www.tucomarca.com\/wordpress\/segunda\/wp-json\/wp\/v2\/comments?post=6443"}],"version-history":[{"count":0,"href":"https:\/\/www.tucomarca.com\/wordpress\/segunda\/wp-json\/wp\/v2\/posts\/6443\/revisions"}],"wp:featuredmedia":[{"embeddable":true,"href":"https:\/\/www.tucomarca.com\/wordpress\/segunda\/wp-json\/wp\/v2\/media\/6446"}],"wp:attachment":[{"href":"https:\/\/www.tucomarca.com\/wordpress\/segunda\/wp-json\/wp\/v2\/media?parent=6443"}],"wp:term":[{"taxonomy":"category","embeddable":true,"href":"https:\/\/www.tucomarca.com\/wordpress\/segunda\/wp-json\/wp\/v2\/categories?post=6443"},{"taxonomy":"post_tag","embeddable":true,"href":"https:\/\/www.tucomarca.com\/wordpress\/segunda\/wp-json\/wp\/v2\/tags?post=6443"}],"curies":[{"name":"wp","href":"https:\/\/api.w.org\/{rel}","templated":true}]}}