{"id":64485,"date":"2018-01-19T11:42:20","date_gmt":"2018-01-19T09:42:20","guid":{"rendered":"http:\/\/www.tucomarca.com\/wordpress\/segunda\/?p=64485"},"modified":"2018-01-19T11:42:20","modified_gmt":"2018-01-19T09:42:20","slug":"pp-y-empresarios-turisticos-coinciden-en-la-necesidad-de-recuperar-programas-que-incentiven-el-empleo-y-contrarresten-la-temporalidad","status":"publish","type":"post","link":"https:\/\/www.tucomarca.com\/wordpress\/segunda\/pp-y-empresarios-turisticos-coinciden-en-la-necesidad-de-recuperar-programas-que-incentiven-el-empleo-y-contrarresten-la-temporalidad\/","title":{"rendered":"PP y empresarios tur\u00edsticos coinciden en la necesidad de recuperar programas que incentiven el empleo y contrarresten la temporalidad"},"content":{"rendered":"<figure id=\"attachment_64486\" aria-describedby=\"caption-attachment-64486\" style=\"width: 1600px\" class=\"wp-caption alignleft\"><img loading=\"lazy\" decoding=\"async\" class=\"size-full wp-image-64486\" src=\"https:\/\/www.tucomarca.com\/wordpress\/segunda\/wp-content\/uploads\/2018\/01\/PPFitur2018.jpg\" alt=\"Destacan la oportunidad que supondr\u00eda recuperar el Programa Provincial por el Empleo Hotelero y el Turismo Social.\" width=\"1600\" height=\"1200\" srcset=\"https:\/\/www.tucomarca.com\/wordpress\/segunda\/wp-content\/uploads\/2018\/01\/PPFitur2018.jpg 1600w, https:\/\/www.tucomarca.com\/wordpress\/segunda\/wp-content\/uploads\/2018\/01\/PPFitur2018-300x225.jpg 300w, https:\/\/www.tucomarca.com\/wordpress\/segunda\/wp-content\/uploads\/2018\/01\/PPFitur2018-768x576.jpg 768w, https:\/\/www.tucomarca.com\/wordpress\/segunda\/wp-content\/uploads\/2018\/01\/PPFitur2018-1024x768.jpg 1024w\" sizes=\"auto, (max-width: 1600px) 100vw, 1600px\" \/><figcaption id=\"caption-attachment-64486\" class=\"wp-caption-text\">Destacan la oportunidad que supondr\u00eda recuperar el Programa Provincial por el Empleo Hotelero y el Turismo Social.<\/figcaption><\/figure>\n<p>La portavoz del Partido Popular en la Diputaci\u00f3n de Valencia, Mari Carmen Contelles, se ha reunido con la Junta directiva de la Asociaci\u00f3n Empresarial Valenciana de Agencias de Viaje (AEVAV) en el marco de la Feria Internacional de Turismo FITUR 2018 y han coincidido en la necesidad de que la corporaci\u00f3n provincial recupere programas que incentiven la creaci\u00f3n de empleo y contrarresten la temporalidad en el sector.<\/p>\n<p>En concreto, los empresarios, que representan a 240 puntos de venta en la provincia de Valencia, han planteado la oportunidad que supondr\u00eda recuperar el Programa Provincial por el Empleo Hotelero y el Turismo Social. Esta iniciativa representaba \u00fanicamente en el sector de las agencias de viaje un impulso econ\u00f3mico que permit\u00eda mantener estables m\u00e1s de 700 empleos directos y 1.200 puestos de trabajo indirectos.<\/p>\n<p>Mari Carmen Contelles ha recordado que actual gobierno de la Diputaci\u00f3n de Valencia volvi\u00f3 a rechazar la posibilidad de poner en marcha este programa en el \u00faltimo pleno de diciembre, as\u00ed como la enmienda presentada por el Grupo Popular al presupuesto de la Diputaci\u00f3n para 2018.<\/p>\n<p>La moci\u00f3n presentada entonces por el Partido Popular instaba al equipo de gobierno a recuperar, apoyar y dotar de partida presupuestaria para el ejercicio 2018 el programa provincial por el Empleo Hotelero y el Turismo Social.<\/p>\n<p>Contelles ha subrayado que fue el equipo de gobierno de Jorge Rodr\u00edguez el que en 2015 decidi\u00f3 suprimir el programa\u00a0a pesar de existir una importante demanda por parte de usuarios y de los distintos colectivos empresariales implicados. La \u00faltima edici\u00f3n del programa provincial de turismo social de 2014 cont\u00f3 con un presupuesto de 4 millones de euros y con la participaci\u00f3n de 40.000 mayores de la provincia que pudieron disfrutar de la oferta tur\u00edstica de las comarcas de interior y los destinos tur\u00edsticos de costa.<\/p>\n<p>La portavoz popular ha criticado que desde la Diputaci\u00f3n \u201cs\u00f3lo se da cobertura a las iniciativas que parten de los despachos de Ximo Puig y M\u00f3nica Oltra, mientras se rechazan todas nuestras propuestas aunque ello implique dar la espalda a las necesidades del tejido empresarial del turismo de la provincia\u201d.<\/p>\n","protected":false},"excerpt":{"rendered":"<div class=\"mh-excerpt\">La portavoz del Partido Popular en la Diputaci\u00f3n de Valencia, Mari Carmen Contelles, se ha reunido con la Junta directiva de la Asociaci\u00f3n Empresarial Valenciana de Agencias de Viaje (AEVAV) en el marco de la <a class=\"mh-excerpt-more\" href=\"https:\/\/www.tucomarca.com\/wordpress\/segunda\/pp-y-empresarios-turisticos-coinciden-en-la-necesidad-de-recuperar-programas-que-incentiven-el-empleo-y-contrarresten-la-temporalidad\/\" title=\"PP y empresarios tur\u00edsticos coinciden en la necesidad de recuperar programas que incentiven el empleo y contrarresten la temporalidad\">[+] <\/a><\/div>\n","protected":false},"author":1,"featured_media":64486,"comment_status":"open","ping_status":"open","sticky":false,"template":"","format":"standard","meta":{"footnotes":""},"categories":[72,7,3,45],"tags":[10710,63],"class_list":{"0":"post-64485","1":"post","2":"type-post","3":"status-publish","4":"format-standard","5":"has-post-thumbnail","7":"category-sin-categorizar","8":"category-ocio-y-cultura","9":"category-seccion","10":"category-ventana","11":"tag-fitur-2018","12":"tag-pp"},"_links":{"self":[{"href":"https:\/\/www.tucomarca.com\/wordpress\/segunda\/wp-json\/wp\/v2\/posts\/64485","targetHints":{"allow":["GET"]}}],"collection":[{"href":"https:\/\/www.tucomarca.com\/wordpress\/segunda\/wp-json\/wp\/v2\/posts"}],"about":[{"href":"https:\/\/www.tucomarca.com\/wordpress\/segunda\/wp-json\/wp\/v2\/types\/post"}],"author":[{"embeddable":true,"href":"https:\/\/www.tucomarca.com\/wordpress\/segunda\/wp-json\/wp\/v2\/users\/1"}],"replies":[{"embeddable":true,"href":"https:\/\/www.tucomarca.com\/wordpress\/segunda\/wp-json\/wp\/v2\/comments?post=64485"}],"version-history":[{"count":0,"href":"https:\/\/www.tucomarca.com\/wordpress\/segunda\/wp-json\/wp\/v2\/posts\/64485\/revisions"}],"wp:featuredmedia":[{"embeddable":true,"href":"https:\/\/www.tucomarca.com\/wordpress\/segunda\/wp-json\/wp\/v2\/media\/64486"}],"wp:attachment":[{"href":"https:\/\/www.tucomarca.com\/wordpress\/segunda\/wp-json\/wp\/v2\/media?parent=64485"}],"wp:term":[{"taxonomy":"category","embeddable":true,"href":"https:\/\/www.tucomarca.com\/wordpress\/segunda\/wp-json\/wp\/v2\/categories?post=64485"},{"taxonomy":"post_tag","embeddable":true,"href":"https:\/\/www.tucomarca.com\/wordpress\/segunda\/wp-json\/wp\/v2\/tags?post=64485"}],"curies":[{"name":"wp","href":"https:\/\/api.w.org\/{rel}","templated":true}]}}