{"id":64494,"date":"2018-01-19T14:29:30","date_gmt":"2018-01-19T12:29:30","guid":{"rendered":"http:\/\/www.tucomarca.com\/wordpress\/segunda\/?p=64494"},"modified":"2018-01-19T14:29:30","modified_gmt":"2018-01-19T12:29:30","slug":"la-fundacion-humana-recoge-mas-de-14-toneladas-de-ropa-usada-en-cheste","status":"publish","type":"post","link":"https:\/\/www.tucomarca.com\/wordpress\/segunda\/la-fundacion-humana-recoge-mas-de-14-toneladas-de-ropa-usada-en-cheste\/","title":{"rendered":"La fundaci\u00f3n Humana recoge m\u00e1s de 14 toneladas de ropa usada en Cheste"},"content":{"rendered":"<div class=\"\">\n<figure id=\"attachment_64495\" aria-describedby=\"caption-attachment-64495\" style=\"width: 1087px\" class=\"wp-caption alignleft\"><img loading=\"lazy\" decoding=\"async\" class=\"size-full wp-image-64495\" src=\"https:\/\/www.tucomarca.com\/wordpress\/segunda\/wp-content\/uploads\/2018\/01\/Chesteropausada.jpg\" alt=\"La Fundaci\u00f3n Humana ha recuperado 14.878 kilos de ropa durante 2017, a trav\u00e9s de los contenedores instalados en Cheste.\" width=\"1087\" height=\"493\" srcset=\"https:\/\/www.tucomarca.com\/wordpress\/segunda\/wp-content\/uploads\/2018\/01\/Chesteropausada.jpg 1087w, https:\/\/www.tucomarca.com\/wordpress\/segunda\/wp-content\/uploads\/2018\/01\/Chesteropausada-300x136.jpg 300w, https:\/\/www.tucomarca.com\/wordpress\/segunda\/wp-content\/uploads\/2018\/01\/Chesteropausada-768x348.jpg 768w, https:\/\/www.tucomarca.com\/wordpress\/segunda\/wp-content\/uploads\/2018\/01\/Chesteropausada-1024x464.jpg 1024w\" sizes=\"auto, (max-width: 1087px) 100vw, 1087px\" \/><figcaption id=\"caption-attachment-64495\" class=\"wp-caption-text\">La Fundaci\u00f3n Humana ha recuperado 14.878 kilos de ropa durante 2017, a trav\u00e9s de los contenedores instalados en Cheste.<\/figcaption><\/figure>\n<p><span class=\"\">La Concejal\u00eda de Servicios Sociales ha informado de que la Fundaci\u00f3n Humana ha recuperado 14.878 kilos de ropa durante 2017, a trav\u00e9s de los contenedores instalados en el municipio, en los que los chestanos y chestanas han depositado tambi\u00e9n el calzado, los complementos y el textil del hogar que ya no necesitan.<\/span><\/p>\n<\/div>\n<div class=\"\"><\/div>\n<div class=\"\"><span class=\"\">\u201cA trav\u00e9s del acuerdo establecido con el Ayuntamiento, Humana se hace cargo de la gesti\u00f3n de estos contenedores de forma gratuita y adem\u00e1s ofrece diferentes talleres educativos a lo largo del a\u00f1o\u201d, explica M\u00aa \u00c1ngeles Llorente, concejala de Servicios Sociales. \u201cUn a\u00f1o m\u00e1s agradezco a los vecinos su colaboraci\u00f3n para que se puedan recuperar m\u00e1s de 14 toneladas de ropa\u201d.<\/span><\/div>\n<div class=\"\"><\/div>\n<div class=\"\"><span class=\"\">As\u00ed, seg\u00fan los datos de Humana, el textil es la fracci\u00f3n recogida selectivamente con mayor potencial de aprovechamiento por encima del vidrio, el papel o el pl\u00e1stico.<\/span><\/div>\n<div class=\"\"><\/div>\n<div class=\"\"><span class=\"\">\u201cCada vez hay m\u00e1s inter\u00e9s por parte de la ciudadan\u00eda y las administraciones por reducir la cantidad de residuos y alargar la vida de aquellas prendas que est\u00e1n en buen estado\u201d, explican desde Humana. \u201cMediante la recuperaci\u00f3n de la ropa usada, conseguimos disminuir el volumen de residuos, adem\u00e1s de posibilitar la reutilizaci\u00f3n y recuperaci\u00f3n de materias primas; las prendas que se desechan son un activo que, gestionado debidamente, se convierte en motor de progreso en Espa\u00f1a y en generador de fondos para la cooperaci\u00f3n al desarrollo en el hemisferio Sur\u201d.\u00a0<\/span><\/div>\n","protected":false},"excerpt":{"rendered":"<div class=\"mh-excerpt\">La Concejal\u00eda de Servicios Sociales ha informado de que la Fundaci\u00f3n Humana ha recuperado 14.878 kilos de ropa durante 2017, a trav\u00e9s de los contenedores instalados en el municipio, en los que los chestanos y <a class=\"mh-excerpt-more\" href=\"https:\/\/www.tucomarca.com\/wordpress\/segunda\/la-fundacion-humana-recoge-mas-de-14-toneladas-de-ropa-usada-en-cheste\/\" title=\"La fundaci\u00f3n Humana recoge m\u00e1s de 14 toneladas de ropa usada en Cheste\">[+] <\/a><\/div>\n","protected":false},"author":1,"featured_media":64495,"comment_status":"open","ping_status":"open","sticky":false,"template":"","format":"standard","meta":{"footnotes":""},"categories":[17,128,8,10,3],"tags":[339,5952],"class_list":{"0":"post-64494","1":"post","2":"type-post","3":"status-publish","4":"format-standard","5":"has-post-thumbnail","7":"category-cheste","8":"category-infraestructuras","9":"category-la-comarca","10":"category-la-hoya","11":"category-seccion","12":"tag-cheste-2","13":"tag-la-hoya-de-bunol-chiva"},"_links":{"self":[{"href":"https:\/\/www.tucomarca.com\/wordpress\/segunda\/wp-json\/wp\/v2\/posts\/64494","targetHints":{"allow":["GET"]}}],"collection":[{"href":"https:\/\/www.tucomarca.com\/wordpress\/segunda\/wp-json\/wp\/v2\/posts"}],"about":[{"href":"https:\/\/www.tucomarca.com\/wordpress\/segunda\/wp-json\/wp\/v2\/types\/post"}],"author":[{"embeddable":true,"href":"https:\/\/www.tucomarca.com\/wordpress\/segunda\/wp-json\/wp\/v2\/users\/1"}],"replies":[{"embeddable":true,"href":"https:\/\/www.tucomarca.com\/wordpress\/segunda\/wp-json\/wp\/v2\/comments?post=64494"}],"version-history":[{"count":0,"href":"https:\/\/www.tucomarca.com\/wordpress\/segunda\/wp-json\/wp\/v2\/posts\/64494\/revisions"}],"wp:featuredmedia":[{"embeddable":true,"href":"https:\/\/www.tucomarca.com\/wordpress\/segunda\/wp-json\/wp\/v2\/media\/64495"}],"wp:attachment":[{"href":"https:\/\/www.tucomarca.com\/wordpress\/segunda\/wp-json\/wp\/v2\/media?parent=64494"}],"wp:term":[{"taxonomy":"category","embeddable":true,"href":"https:\/\/www.tucomarca.com\/wordpress\/segunda\/wp-json\/wp\/v2\/categories?post=64494"},{"taxonomy":"post_tag","embeddable":true,"href":"https:\/\/www.tucomarca.com\/wordpress\/segunda\/wp-json\/wp\/v2\/tags?post=64494"}],"curies":[{"name":"wp","href":"https:\/\/api.w.org\/{rel}","templated":true}]}}