{"id":65363,"date":"2018-02-04T12:46:45","date_gmt":"2018-02-04T10:46:45","guid":{"rendered":"http:\/\/www.tucomarca.com\/wordpress\/segunda\/?p=65363"},"modified":"2018-02-04T12:46:45","modified_gmt":"2018-02-04T10:46:45","slug":"riba-roja-estudia-recuperar-200-colmenas-del-yacimiento-apicola-ibero-de-porxinos-unico-en-espana","status":"publish","type":"post","link":"https:\/\/www.tucomarca.com\/wordpress\/segunda\/riba-roja-estudia-recuperar-200-colmenas-del-yacimiento-apicola-ibero-de-porxinos-unico-en-espana\/","title":{"rendered":"Riba-roja estudia recuperar 200 colmenas del yacimiento ap\u00edcola \u00edbero de Porxinos \u00fanico en Espa\u00f1a"},"content":{"rendered":"<figure id=\"attachment_65364\" aria-describedby=\"caption-attachment-65364\" style=\"width: 663px\" class=\"wp-caption alignleft\"><img loading=\"lazy\" decoding=\"async\" class=\"size-full wp-image-65364\" src=\"https:\/\/www.tucomarca.com\/wordpress\/segunda\/wp-content\/uploads\/2018\/02\/Ribacolmenas.jpg\" alt=\"El enclave de &quot;Fonteta R\u00e0quia&quot; fue localizado en el a\u00f1o 2008.\" width=\"663\" height=\"438\" srcset=\"https:\/\/www.tucomarca.com\/wordpress\/segunda\/wp-content\/uploads\/2018\/02\/Ribacolmenas.jpg 663w, https:\/\/www.tucomarca.com\/wordpress\/segunda\/wp-content\/uploads\/2018\/02\/Ribacolmenas-300x198.jpg 300w\" sizes=\"auto, (max-width: 663px) 100vw, 663px\" \/><figcaption id=\"caption-attachment-65364\" class=\"wp-caption-text\">El enclave de \u00abFonteta R\u00e0quia\u00bb fue localizado en el a\u00f1o 2008.<\/figcaption><\/figure>\n<p>El Ayuntamiento de Riba-roja de T\u00faria ha elaborado un plan de ruta para recuperar el yacimiento ap\u00edcola de Porxinos de \u00e9poca \u00edbera y \u00fanico en toda Espa\u00f1a con la finalidad de convertirlo en un atractivo tur\u00edstico importante en la localidad que se unir\u00eda en un futuro al amplio bagaje y valioso patrimonio municipal existente actualmente. El plan de restauraci\u00f3n incluye la solicitud de subvenciones y ayudas econ\u00f3micas a las distintas administraciones p\u00fablicas -provincial, auton\u00f3mica, estatal y europea- para iniciar a corto plazo el proyecto de recuperaci\u00f3n p\u00fablica de la zona.<\/p>\n<p>El yacimiento ap\u00edcola de Porxinos est\u00e1 considerado, seg\u00fan los estudios y trabajos por parte de los expertos, como uno de los enclaves m\u00e1s valiosos en este tipo de construcciones, no s\u00f3lo por el aceptable estado de conservaci\u00f3n sino tambi\u00e9n porque se trata de una parte importante de los restos que de la \u00e9poca \u00edbera todav\u00eda se conservan en la localidad y que servir\u00e1n en un futuro para analizar diversos aspectos de la \u00e9poca.<\/p>\n<p>El descubrimiento de este yacimiento de la \u00e9poca \u00edbera denominado <i>\u00abFonteta R\u00e0quia\u00bb<\/i> fue gracias a las labores de excavaci\u00f3n que se llevaron a cabo en el a\u00f1o 2008 sobre una extensi\u00f3n de 500 metros cuadrados que se podr\u00eda ampliar en los pr\u00f3ximos a\u00f1os a los 1.000 metros en total, cuyo origen se remonta al Siglo III antes de Cristo y que formar\u00eda parte de una extensi\u00f3n m\u00e1s grande en la antigua Edetania.<\/p>\n<p>Su ubicaci\u00f3n en la vertiente de una colina orientada al sur o al sureste es id\u00f3nea para que las abejas puedan comenzar su labor de rastreo desde primeras horas de la semana, junto al cam\u00ed de Xest, en el \u00e1rea de Porxinos. En la zona tambi\u00e9n exist\u00eda un nacimiento de agua que aportaba su dosis ideal para que las abejas puedan diluir el alimento con las larvas y convertirlas en miel. Los restos descubiertos pertenecen a dos ocupaciones ib\u00e9ricas y diferenciadas en el tiempo, coincidente con las fases de abandono o de reestructuraci\u00f3n.<\/p>\n<p>Los vestigios arqueol\u00f3gicos hallados de la primera fase revelan que se tratan de piezas en estado fragmentario, con existencia de muros de adobes sin zoc\u00e1lo ni cimentaci\u00f3n. Sin embargo, la segunda fase es la que dispone de una mayor identificaci\u00f3n con la \u00e9poca al conservarse todav\u00eda un edificio de 19 metros de largo y cinco compartimentos en su interior, de 6 a 9 metros de ancho. Adem\u00e1s, en esta \u00e1rea se localizaron abundantes restos, hasta 140 kilogramos de fragmentos, que equivaldr\u00edan a alrededor de 200 colmenas.<\/p>\n<p>El objetivo actual del Ayuntamiento de Riba-roja de T\u00faria pasa por llevar a cabo un plan de actuaciones de recuperaci\u00f3n de todos los vestigios tanto de los restos y fragmentos de las labores de 2008 como de los futuros hallazgos que ser\u00e1n posibles en una nueva intervenci\u00f3n basada en una excavaci\u00f3n generalizada en la zona cuya realizaci\u00f3n necesitar\u00e1 de subvenciones y ayudas econ\u00f3micas por parte de las distintas administraciones p\u00fablicas.<\/p>\n<figure id=\"attachment_65365\" aria-describedby=\"caption-attachment-65365\" style=\"width: 522px\" class=\"wp-caption alignleft\"><img loading=\"lazy\" decoding=\"async\" class=\" wp-image-65365\" src=\"https:\/\/www.tucomarca.com\/wordpress\/segunda\/wp-content\/uploads\/2018\/02\/Ribacolmenas2.jpg\" alt=\"Parte de los restos arqueol\u00f3gicos localizados en la zona.\" width=\"522\" height=\"369\" srcset=\"https:\/\/www.tucomarca.com\/wordpress\/segunda\/wp-content\/uploads\/2018\/02\/Ribacolmenas2.jpg 662w, https:\/\/www.tucomarca.com\/wordpress\/segunda\/wp-content\/uploads\/2018\/02\/Ribacolmenas2-300x212.jpg 300w\" sizes=\"auto, (max-width: 522px) 100vw, 522px\" \/><figcaption id=\"caption-attachment-65365\" class=\"wp-caption-text\">Parte de los restos arqueol\u00f3gicos localizados en la zona.<\/figcaption><\/figure>\n<p>Entre el material recuperado hasta ahora en Fonteta R\u00e0quia destaca una variedad notable de tipos y formas, con presencia de \u00e1nforas, tinajas y tinajillas para diversos fines, adem\u00e1s de vajilla destinada a un uso dom\u00e9stico, como los platos, las tapaderas o cer\u00e1mica de cocina, con un car\u00e1cter de h\u00e1bitat permanente. Las colmenas se pod\u00edan elaborar a partir de diversos materiales como la madera, el corcho, las ca\u00f1as, la cester\u00eda o, incluso, el barro.<\/p>\n<p>La Fonteta R\u00e0quia, englobada en la actividad de la antigua Edeta de la que distan alrededor de 10 kil\u00f3metros de distancia, se convirti\u00f3 en un asentamiento especializado en la producci\u00f3n de miel entre los siglos IV-III antes de Cristo, de forma que adem\u00e1s en ella viv\u00eda, posiblemente, una familia para evitar hurtos en las colmenas y controlar con mayor eficacia su elaboraci\u00f3n.<\/p>\n<p>El alcalde de Riba-roja de T\u00faria, Robert Raga, ha subrayado la necesidad de <i>\u00abestudiar con mayor profundidad y detenimiento este enorme hallazgo \u00fanico en Espa\u00f1a para estudiar una \u00e9poca muy importante como los \u00edberos y que en un futuro se puedan convertir en una aliciente para que vengan los turistas y los visitantes, adem\u00e1s de que podremos instalar un centro de interpretaci\u00f3n para una mayor divulgaci\u00f3n\u00bb.<\/i><\/p>\n<p>La \u00e9poca \u00edbera de Riba-roja se entrelaza con otras civilizaciones que dejaron su huella de paso por este municipio como son los yacimientos arqueol\u00f3gicos del Pla de Nadal y de Val\u00e8ncia la Vella, de la \u00e9poca visigoda.<\/p>\n","protected":false},"excerpt":{"rendered":"<div class=\"mh-excerpt\">El Ayuntamiento de Riba-roja de T\u00faria ha elaborado un plan de ruta para recuperar el yacimiento ap\u00edcola de Porxinos de \u00e9poca \u00edbera y \u00fanico en toda Espa\u00f1a con la finalidad de convertirlo en un atractivo <a class=\"mh-excerpt-more\" href=\"https:\/\/www.tucomarca.com\/wordpress\/segunda\/riba-roja-estudia-recuperar-200-colmenas-del-yacimiento-apicola-ibero-de-porxinos-unico-en-espana\/\" title=\"Riba-roja estudia recuperar 200 colmenas del yacimiento ap\u00edcola \u00edbero de Porxinos \u00fanico en Espa\u00f1a\">[+] <\/a><\/div>\n","protected":false},"author":1,"featured_media":65365,"comment_status":"open","ping_status":"open","sticky":false,"template":"","format":"standard","meta":{"footnotes":""},"categories":[46,128,8,7,182,3,45],"tags":[10395,1504],"class_list":{"0":"post-65363","1":"post","2":"type-post","3":"status-publish","4":"format-standard","5":"has-post-thumbnail","7":"category-camp-de-turia","8":"category-infraestructuras","9":"category-la-comarca","10":"category-ocio-y-cultura","11":"category-riba-roja","12":"category-seccion","13":"category-ventana","14":"tag-camp-de-turia","15":"tag-riba-roja-2"},"_links":{"self":[{"href":"https:\/\/www.tucomarca.com\/wordpress\/segunda\/wp-json\/wp\/v2\/posts\/65363","targetHints":{"allow":["GET"]}}],"collection":[{"href":"https:\/\/www.tucomarca.com\/wordpress\/segunda\/wp-json\/wp\/v2\/posts"}],"about":[{"href":"https:\/\/www.tucomarca.com\/wordpress\/segunda\/wp-json\/wp\/v2\/types\/post"}],"author":[{"embeddable":true,"href":"https:\/\/www.tucomarca.com\/wordpress\/segunda\/wp-json\/wp\/v2\/users\/1"}],"replies":[{"embeddable":true,"href":"https:\/\/www.tucomarca.com\/wordpress\/segunda\/wp-json\/wp\/v2\/comments?post=65363"}],"version-history":[{"count":0,"href":"https:\/\/www.tucomarca.com\/wordpress\/segunda\/wp-json\/wp\/v2\/posts\/65363\/revisions"}],"wp:featuredmedia":[{"embeddable":true,"href":"https:\/\/www.tucomarca.com\/wordpress\/segunda\/wp-json\/wp\/v2\/media\/65365"}],"wp:attachment":[{"href":"https:\/\/www.tucomarca.com\/wordpress\/segunda\/wp-json\/wp\/v2\/media?parent=65363"}],"wp:term":[{"taxonomy":"category","embeddable":true,"href":"https:\/\/www.tucomarca.com\/wordpress\/segunda\/wp-json\/wp\/v2\/categories?post=65363"},{"taxonomy":"post_tag","embeddable":true,"href":"https:\/\/www.tucomarca.com\/wordpress\/segunda\/wp-json\/wp\/v2\/tags?post=65363"}],"curies":[{"name":"wp","href":"https:\/\/api.w.org\/{rel}","templated":true}]}}