{"id":65571,"date":"2018-02-08T20:10:30","date_gmt":"2018-02-08T18:10:30","guid":{"rendered":"http:\/\/www.tucomarca.com\/wordpress\/segunda\/?p=65571"},"modified":"2018-02-08T20:10:30","modified_gmt":"2018-02-08T18:10:30","slug":"el-cd-bunol-intentara-hacer-valer-el-factor-campo-para-imponerse-a-un-rival-directo-como-es-el-silla","status":"publish","type":"post","link":"https:\/\/www.tucomarca.com\/wordpress\/segunda\/el-cd-bunol-intentara-hacer-valer-el-factor-campo-para-imponerse-a-un-rival-directo-como-es-el-silla\/","title":{"rendered":"El CD Bu\u00f1ol intentar\u00e1 hacer valer el factor campo para imponerse a un rival directo como es el Silla"},"content":{"rendered":"<figure id=\"attachment_65696\" aria-describedby=\"caption-attachment-65696\" style=\"width: 945px\" class=\"wp-caption alignleft\"><img loading=\"lazy\" decoding=\"async\" class=\"size-full wp-image-65696\" src=\"https:\/\/www.tucomarca.com\/wordpress\/segunda\/wp-content\/uploads\/2018\/02\/cdbunyol.jpg\" alt=\"El CD Bu\u00f1ol debe intentar sumar puntos este fin de semana para escalar puestos en la tabla. Foto: Ra\u00fal Ferrer.\" width=\"945\" height=\"633\" srcset=\"https:\/\/www.tucomarca.com\/wordpress\/segunda\/wp-content\/uploads\/2018\/02\/cdbunyol.jpg 945w, https:\/\/www.tucomarca.com\/wordpress\/segunda\/wp-content\/uploads\/2018\/02\/cdbunyol-300x201.jpg 300w, https:\/\/www.tucomarca.com\/wordpress\/segunda\/wp-content\/uploads\/2018\/02\/cdbunyol-768x514.jpg 768w\" sizes=\"auto, (max-width: 945px) 100vw, 945px\" \/><figcaption id=\"caption-attachment-65696\" class=\"wp-caption-text\">El CD Bu\u00f1ol debe intentar sumar puntos este fin de semana para escalar puestos en la tabla. Foto: Ra\u00fal Ferrer.<\/figcaption><\/figure>\n<p>El CD Bu\u00f1ol vuelve a jugar en casa este fin de semana, en esta ocasi\u00f3n para v\u00e9rselas con el Silla, situados los primeros en el puesto 18 de la tabla y en el 13 el Silla, con 22 y 30 puntos, respectivamente.<\/p>\n<p>Ambos equipos vienen de rachas sin victorias recientes, por lo que tienen ganas de puntuar de 3. Los de Javi Pons, como el mismo m\u00edster ha comentado recientemente a tucomarca.com, son conscientes de que \u00abel trabajo hecho en los entrenamientos es positivo y organizado, por lo que si eso se proyecta en el verde hay una alta posibilidad de ganar, sumar y ver la temporada con mejores ojos\u00bb.<\/p>\n<p>En lo que deben de mejorar los blancos es a la hora de anotar goles, algo que que afecta directamente en la clasificaci\u00f3n, as\u00ed como en las sensaciones y la moral del equipo. Ahora mismo, el CD\u2008Bu\u00f1ol es el segundo equipo que menos goles materializa, lleva 17, s\u00f3lo por detr\u00e1s del Borriol, que s\u00f3lo ha hehco 15 dianas. Informa, <strong>Ra\u00fal Miralles Lacalle<\/strong> @raulmks<\/p>\n","protected":false},"excerpt":{"rendered":"<div class=\"mh-excerpt\">El CD Bu\u00f1ol vuelve a jugar en casa este fin de semana, en esta ocasi\u00f3n para v\u00e9rselas con el Silla, situados los primeros en el puesto 18 de la tabla y en el 13 el <a class=\"mh-excerpt-more\" href=\"https:\/\/www.tucomarca.com\/wordpress\/segunda\/el-cd-bunol-intentara-hacer-valer-el-factor-campo-para-imponerse-a-un-rival-directo-como-es-el-silla\/\" title=\"El CD Bu\u00f1ol intentar\u00e1 hacer valer el factor campo para imponerse a un rival directo como es el Silla\">[+] <\/a><\/div>\n","protected":false},"author":1,"featured_media":65696,"comment_status":"open","ping_status":"open","sticky":false,"template":"","format":"standard","meta":{"footnotes":""},"categories":[18,50,6,72,10,10698,3,45],"tags":[537,10379,44,5952],"class_list":{"0":"post-65571","1":"post","2":"type-post","3":"status-publish","4":"format-standard","5":"has-post-thumbnail","7":"category-bunol","8":"category-futbol-deportes","9":"category-deportes","10":"category-sin-categorizar","11":"category-la-hoya","12":"category-premsavalenciana","13":"category-seccion","14":"category-ventana","15":"tag-cd-bunol","16":"tag-deportes","17":"tag-futbol","18":"tag-la-hoya-de-bunol-chiva"},"_links":{"self":[{"href":"https:\/\/www.tucomarca.com\/wordpress\/segunda\/wp-json\/wp\/v2\/posts\/65571","targetHints":{"allow":["GET"]}}],"collection":[{"href":"https:\/\/www.tucomarca.com\/wordpress\/segunda\/wp-json\/wp\/v2\/posts"}],"about":[{"href":"https:\/\/www.tucomarca.com\/wordpress\/segunda\/wp-json\/wp\/v2\/types\/post"}],"author":[{"embeddable":true,"href":"https:\/\/www.tucomarca.com\/wordpress\/segunda\/wp-json\/wp\/v2\/users\/1"}],"replies":[{"embeddable":true,"href":"https:\/\/www.tucomarca.com\/wordpress\/segunda\/wp-json\/wp\/v2\/comments?post=65571"}],"version-history":[{"count":0,"href":"https:\/\/www.tucomarca.com\/wordpress\/segunda\/wp-json\/wp\/v2\/posts\/65571\/revisions"}],"wp:featuredmedia":[{"embeddable":true,"href":"https:\/\/www.tucomarca.com\/wordpress\/segunda\/wp-json\/wp\/v2\/media\/65696"}],"wp:attachment":[{"href":"https:\/\/www.tucomarca.com\/wordpress\/segunda\/wp-json\/wp\/v2\/media?parent=65571"}],"wp:term":[{"taxonomy":"category","embeddable":true,"href":"https:\/\/www.tucomarca.com\/wordpress\/segunda\/wp-json\/wp\/v2\/categories?post=65571"},{"taxonomy":"post_tag","embeddable":true,"href":"https:\/\/www.tucomarca.com\/wordpress\/segunda\/wp-json\/wp\/v2\/tags?post=65571"}],"curies":[{"name":"wp","href":"https:\/\/api.w.org\/{rel}","templated":true}]}}