{"id":6561,"date":"2012-08-18T12:58:47","date_gmt":"2012-08-18T10:58:47","guid":{"rendered":"http:\/\/www.tucomarca.com\/wordpress\/segunda\/?p=6561"},"modified":"2012-08-18T12:58:47","modified_gmt":"2012-08-18T10:58:47","slug":"gobernacion-amplia-la-preemergencia-por-riesgo-de-incendios-forestales-a-toda-la-comunitat-valenciana-2","status":"publish","type":"post","link":"https:\/\/www.tucomarca.com\/wordpress\/segunda\/gobernacion-amplia-la-preemergencia-por-riesgo-de-incendios-forestales-a-toda-la-comunitat-valenciana-2\/","title":{"rendered":"Gobernaci\u00f3n amplia la Preemergencia por riesgo de incendios forestales a toda la Comunitat Valenciana"},"content":{"rendered":"<p>La conselleria de Gobernaci\u00f3n, a trav\u00e9s del Centro de Coordinaci\u00f3n de  Emergencias (CCE), ha ampliado hoy  s\u00e1bado, 18 de agosto, el Nivel 3 de  Preemergencia, riesgo m\u00e1ximo de incendios forestales, a toda la  Comunitat Valenciana.<\/p>\n<p>La Agencia Estatal de Meteorolog\u00eda (AEMET) prev\u00e9 para esta  jornada \u00abcielo poco nuboso o despejado, con intervalos nubosos en el  interior por la tarde y posibilidad de tormentas aisladas con escasa  precipitaci\u00f3n. Temperaturas sin cambios o en ligero ascenso, con<br \/>\nm\u00e1ximas que pueden alcanzar 39 grados en el interior. Vientos variables flojos con brisas, predominando el este por la tarde\u00bb.<\/p>\n<p>Cabe recordar, que hoy, al igual que se est\u00e1 haciendo durante  toda la Campa\u00f1a estival de Prevenci\u00f3n y Extinci\u00f3n de Incendios  Forestales, se realizar\u00e1n vuelos de vigilancia a\u00e9rea preventiva en las  tres provincias para que en el caso de que aviste un posible incendio  pueda intervenir de manera inmediata.<\/p>\n<p>La conselleria de Gobernaci\u00f3n recuerda que el Nivel 3 de  Preemergencia o riesgo m\u00e1ximo de incendios forestales supone la  prohibici\u00f3n de realizar cualquier tipo de fuego, incluso en las zonas  recreativas autorizadas y habilitadas al efecto, e insiste en que con  car\u00e1cter general las quemas agr\u00edcolas en el monte o a menos de 500  metros de terreno forestal est\u00e1n completamente prohibidas entre el 1 de  junio y el 30 de septiembre.<\/p>\n<p>Ante esta situaci\u00f3n, el CCE mantiene contacto directo con todos  los ayuntamientos y organismos de emergencia afectados con el fin de  informarles de la situaci\u00f3n y evoluci\u00f3n de la Preemergencia. Adem\u00e1s, el  dispositivo de prevenci\u00f3n y extinci\u00f3n de incendios de la Comunitat  Valenciana se encuentra en m\u00e1xima alerta por si es necesaria su  intervenci\u00f3n.<\/p>\n<p>Por \u00faltimo, el CCE y la conselleria de Gobernaci\u00f3n hacen un  llamamiento a la prudencia de la sociedad en general para evitar, en la  medida de lo posible, posibles incendios forestales y a respetar y  cumplir en todo momento las prohibiciones y recomendaciones que se  derivan de decretar Preemergencia por riesgo de incendios forestales.<\/p>\n<p><strong>Consejos a la poblaci\u00f3n sobre incendios forestales <\/strong><\/p>\n<p>\u00b7\tNo encender fuego bajo ning\u00fan concepto<br \/>\n\u00b7\tNo fumar mientras se camina por el monte, ni arrojar, en ning\u00fan concepto, colillas o f\u00f3sforos desde veh\u00edculos.<br \/>\n\u00b7\tNunca arrojar basuras, depositarlas en el contenedor del municipio m\u00e1s cercano.<br \/>\n\u00b7\tEn el monte o en sus inmediaciones nunca arrojar artefactos o  material explosivo como petardos, masclets, carcasas, etc., ni utilizar  sin autorizaci\u00f3n herramientas o motores que puedan producir una chispa o  un fuego.<br \/>\n\u00b7\tSi detecta un incendio, comun\u00edquelo inmediatamente al tel\u00e9fono  &#8216;112 Comunitat Valenciana&#8217;, sin pensar que alguien lo habr\u00e1 hecho ya o  dar aviso a las autoridades m\u00e1s cercanas.<br \/>\n\u00b7\tEn caso de incendio, siga en todo momento las indicaciones que le  sean dadas por el personal que tiene atribuidas las misiones de  vigilancia y extinci\u00f3n. Est\u00e1n velando por tu seguridad e integridad  f\u00edsica.<\/p>\n","protected":false},"excerpt":{"rendered":"<div class=\"mh-excerpt\">La conselleria de Gobernaci\u00f3n, a trav\u00e9s del Centro de Coordinaci\u00f3n de Emergencias (CCE), ha ampliado hoy s\u00e1bado, 18 de agosto, el Nivel 3 de Preemergencia, riesgo m\u00e1ximo de incendios forestales, a toda la Comunitat Valenciana. <a class=\"mh-excerpt-more\" href=\"https:\/\/www.tucomarca.com\/wordpress\/segunda\/gobernacion-amplia-la-preemergencia-por-riesgo-de-incendios-forestales-a-toda-la-comunitat-valenciana-2\/\" title=\"Gobernaci\u00f3n amplia la Preemergencia por riesgo de incendios forestales a toda la Comunitat Valenciana\">[+] <\/a><\/div>\n","protected":false},"author":1,"featured_media":0,"comment_status":"open","ping_status":"open","sticky":false,"template":"","format":"standard","meta":{"footnotes":""},"categories":[8,72,27,3,116],"tags":[],"class_list":{"0":"post-6561","1":"post","2":"type-post","3":"status-publish","4":"format-standard","6":"category-la-comarca","7":"category-sin-categorizar","8":"category-requena-utiel","9":"category-seccion","10":"category-sucesos-la-comarca"},"_links":{"self":[{"href":"https:\/\/www.tucomarca.com\/wordpress\/segunda\/wp-json\/wp\/v2\/posts\/6561","targetHints":{"allow":["GET"]}}],"collection":[{"href":"https:\/\/www.tucomarca.com\/wordpress\/segunda\/wp-json\/wp\/v2\/posts"}],"about":[{"href":"https:\/\/www.tucomarca.com\/wordpress\/segunda\/wp-json\/wp\/v2\/types\/post"}],"author":[{"embeddable":true,"href":"https:\/\/www.tucomarca.com\/wordpress\/segunda\/wp-json\/wp\/v2\/users\/1"}],"replies":[{"embeddable":true,"href":"https:\/\/www.tucomarca.com\/wordpress\/segunda\/wp-json\/wp\/v2\/comments?post=6561"}],"version-history":[{"count":0,"href":"https:\/\/www.tucomarca.com\/wordpress\/segunda\/wp-json\/wp\/v2\/posts\/6561\/revisions"}],"wp:attachment":[{"href":"https:\/\/www.tucomarca.com\/wordpress\/segunda\/wp-json\/wp\/v2\/media?parent=6561"}],"wp:term":[{"taxonomy":"category","embeddable":true,"href":"https:\/\/www.tucomarca.com\/wordpress\/segunda\/wp-json\/wp\/v2\/categories?post=6561"},{"taxonomy":"post_tag","embeddable":true,"href":"https:\/\/www.tucomarca.com\/wordpress\/segunda\/wp-json\/wp\/v2\/tags?post=6561"}],"curies":[{"name":"wp","href":"https:\/\/api.w.org\/{rel}","templated":true}]}}