{"id":65672,"date":"2018-02-07T21:30:10","date_gmt":"2018-02-07T19:30:10","guid":{"rendered":"http:\/\/www.tucomarca.com\/wordpress\/segunda\/?p=65672"},"modified":"2018-02-07T21:30:10","modified_gmt":"2018-02-07T19:30:10","slug":"video-la-diputacio-se-vuelca-con-el-interior-valenciano-para-frenar-la-despoblacion","status":"publish","type":"post","link":"https:\/\/www.tucomarca.com\/wordpress\/segunda\/video-la-diputacio-se-vuelca-con-el-interior-valenciano-para-frenar-la-despoblacion\/","title":{"rendered":"V\u00eddeo: la Diputaci\u00f3 se vuelca con el interior valenciano para frenar la despoblaci\u00f3n"},"content":{"rendered":"<p>V\u00eddeo noticia de la visita del presidente de la Diputaci\u00f3 Provincial de Val\u00e8ncia, Jorge Rodr\u00edguez, al interior de la provincia para hacer p\u00fablicas las ayudas y medidas publicas encaminadas a frenar la despoblaci\u00f3n.<\/p>\n","protected":false},"excerpt":{"rendered":"<div class=\"mh-excerpt\">V\u00eddeo noticia de la visita del presidente de la Diputaci\u00f3 Provincial de Val\u00e8ncia, Jorge Rodr\u00edguez, al interior de la provincia para hacer p\u00fablicas las ayudas y medidas publicas encaminadas a frenar la despoblaci\u00f3n.<\/div>\n","protected":false},"author":1,"featured_media":65676,"comment_status":"open","ping_status":"open","sticky":false,"template":"","format":"standard","meta":{"footnotes":""},"categories":[39,38,41,128,230,8,72,142,10698,3,232,45,26],"tags":[10391,10540,10393,204,10651,10684,10453],"class_list":{"0":"post-65672","1":"post","2":"type-post","3":"status-publish","4":"format-standard","5":"has-post-thumbnail","7":"category-ayora","8":"category-ayora-cofrentes","9":"category-cofrentes","10":"category-infraestructuras","11":"category-jalance","12":"category-la-comarca","13":"category-sin-categorizar","14":"category-politica-la-comarca","15":"category-premsavalenciana","16":"category-seccion","17":"category-teresa-de-cofrentes","18":"category-ventana","19":"category-video","20":"tag-ayora","21":"tag-ayora-cofrentes","22":"tag-cofrentes","23":"tag-diputacion","24":"tag-el-valle-de-ayora-cofrentes","25":"tag-jalance","26":"tag-teresa-de-cofrentes"},"_links":{"self":[{"href":"https:\/\/www.tucomarca.com\/wordpress\/segunda\/wp-json\/wp\/v2\/posts\/65672","targetHints":{"allow":["GET"]}}],"collection":[{"href":"https:\/\/www.tucomarca.com\/wordpress\/segunda\/wp-json\/wp\/v2\/posts"}],"about":[{"href":"https:\/\/www.tucomarca.com\/wordpress\/segunda\/wp-json\/wp\/v2\/types\/post"}],"author":[{"embeddable":true,"href":"https:\/\/www.tucomarca.com\/wordpress\/segunda\/wp-json\/wp\/v2\/users\/1"}],"replies":[{"embeddable":true,"href":"https:\/\/www.tucomarca.com\/wordpress\/segunda\/wp-json\/wp\/v2\/comments?post=65672"}],"version-history":[{"count":0,"href":"https:\/\/www.tucomarca.com\/wordpress\/segunda\/wp-json\/wp\/v2\/posts\/65672\/revisions"}],"wp:featuredmedia":[{"embeddable":true,"href":"https:\/\/www.tucomarca.com\/wordpress\/segunda\/wp-json\/wp\/v2\/media\/65676"}],"wp:attachment":[{"href":"https:\/\/www.tucomarca.com\/wordpress\/segunda\/wp-json\/wp\/v2\/media?parent=65672"}],"wp:term":[{"taxonomy":"category","embeddable":true,"href":"https:\/\/www.tucomarca.com\/wordpress\/segunda\/wp-json\/wp\/v2\/categories?post=65672"},{"taxonomy":"post_tag","embeddable":true,"href":"https:\/\/www.tucomarca.com\/wordpress\/segunda\/wp-json\/wp\/v2\/tags?post=65672"}],"curies":[{"name":"wp","href":"https:\/\/api.w.org\/{rel}","templated":true}]}}