{"id":65703,"date":"2018-02-09T22:37:21","date_gmt":"2018-02-09T20:37:21","guid":{"rendered":"http:\/\/www.tucomarca.com\/wordpress\/segunda\/?p=65703"},"modified":"2018-02-09T22:37:21","modified_gmt":"2018-02-09T20:37:21","slug":"maria-josep-amigo-assisteix-a-la-presentacio-del-llibret-tro-davis","status":"publish","type":"post","link":"https:\/\/www.tucomarca.com\/wordpress\/segunda\/maria-josep-amigo-assisteix-a-la-presentacio-del-llibret-tro-davis\/","title":{"rendered":"Maria Josep Amig\u00f3 assisteix a la presentaci\u00f3 del llibret \u201cTro d\u2019Av\u00eds\u201d"},"content":{"rendered":"<figure id=\"attachment_65709\" aria-describedby=\"caption-attachment-65709\" style=\"width: 1280px\" class=\"wp-caption alignleft\"><img loading=\"lazy\" decoding=\"async\" class=\"size-full wp-image-65709\" src=\"https:\/\/www.tucomarca.com\/wordpress\/segunda\/wp-content\/uploads\/2018\/02\/Alzira.jpg\" alt=\"Al llibret, realitzat per la Falla Pla\u00e7a Malva d\u2019Alzira, tamb\u00e9 ha col.laborat la vicepresidenta de la Diputaci\u00f3 de Val\u00e8ncia.\" width=\"1280\" height=\"960\" srcset=\"https:\/\/www.tucomarca.com\/wordpress\/segunda\/wp-content\/uploads\/2018\/02\/Alzira.jpg 1280w, https:\/\/www.tucomarca.com\/wordpress\/segunda\/wp-content\/uploads\/2018\/02\/Alzira-300x225.jpg 300w, https:\/\/www.tucomarca.com\/wordpress\/segunda\/wp-content\/uploads\/2018\/02\/Alzira-768x576.jpg 768w, https:\/\/www.tucomarca.com\/wordpress\/segunda\/wp-content\/uploads\/2018\/02\/Alzira-1024x768.jpg 1024w\" sizes=\"auto, (max-width: 1280px) 100vw, 1280px\" \/><figcaption id=\"caption-attachment-65709\" class=\"wp-caption-text\">Al llibret, realitzat per la Falla Pla\u00e7a Malva d\u2019Alzira, tamb\u00e9 ha col.laborat la vicepresidenta de la Diputaci\u00f3 de Val\u00e8ncia.<\/figcaption><\/figure>\n<p>La vicepresidenta de la Diputaci\u00f3 de Val\u00e8ncia, Maria Josep Amig\u00f3, va assistir ahir dijous a la presentaci\u00f3 del llibret de la Falla Pla\u00e7a Malva d\u2019Alzira \u201cTro d\u2019Av\u00eds\u201d. Aquest acte va tindre lloc a la Casa de la Cultura de la localitat i acudiren amb Maria Josep Amig\u00f3, Pilar Moncho (diputada de Turisme) i Vicent Marz\u00e0, conseller d\u2019Educaci\u00f3, Investigaci\u00f3, Cultura i Esport, encarregat de la clausura de l\u2019acte.<\/p>\n<p>A aquesta cerim\u00f2nia, condu\u00efda per Imma Guerrero i Carlos Galiana, i amb la col.laboraci\u00f3 d\u2019\u00c0ngels Hern\u00e1ndez, es va atorgar el guard\u00f3 d\u2019Or 2018 a Edicions Bromera, a la persona de Josep Gregori, per la dedicaci\u00f3 i treball de l\u2019editorial en fer m\u00e9s lliure i m\u00e9s gran la cultura valenciana. Segons Maria Josep Amig\u00f3 aquest va ser un premi \u201cmolt merescut ja que aquesta editorial ha estat clau en la tasca de normalitzaci\u00f3 del valenci\u00e0 tant en l\u2019\u00e0mbit educatiu com en el literari\u201d.<\/p>\n<p>A m\u00e9s, a l\u2019acte es varen presentar guies did\u00e0ctiques que acostumen a acompanyar a \u201cTro d\u2019Av\u00eds\u201d, aquesta edici\u00f3 es titula \u201cAmb la llengua fora\u201d. Aquesta guia ha sigut dissenyada com una campanya de promoci\u00f3 del valenci\u00e0. Arran d\u2019aix\u00f2, \u201cAmb la llengua fora\u201d est\u00e0 dividida en set cap\u00edtols, emulant les set vocals del val\u00e8ncia, creant una guia coherent, \u00e0gil, divertida i entretinguda amb un missatge d\u2019esperan\u00e7a en favor del valenci\u00e0.<\/p>\n<p><strong>Qu\u00e8 \u00e9s \u201cTro d\u2019Av\u00eds\u201d?<\/strong><\/p>\n<p>Aquesta publicaci\u00f3 ha sigut reconeguda amb nombrosos premis des de la fundaci\u00f3 de la Falla Pla\u00e7a Malva, any 1983. Entre aquests guardons destaquen: L\u2019organitzat per la Conselleria d\u2019Educaci\u00f3, Investigaci\u00f3, Cultura i Esport de la Generalitat Valencia per l\u2019\u00fas i promoci\u00f3 del valenci\u00e0, el premi de la revista liter\u00e0ria \u201cPensat i fet\u201d i el primer premi del concurs de llibrets que convoca la Junta Local d\u2019Alzira.<\/p>\n<p>A cadascuna de les 30 edicions, \u201cTro d\u2019Av\u00eds\u201d ha comptat amb la col.laboraci\u00f3 de figures reconegudes del m\u00f3n de la literatura. Al 2018 han decidit que eixa col.laboraci\u00f3 vinga de la m\u00e0 de Maria Josep Amig\u00f3, vicepresidenta de la Diputaci\u00f3 de Val\u00e8ncia. Per la seua banda, la pr\u00f2pia Maria Josep Amig\u00f3 va remarcar \u201cla rellev\u00e0ncia de la Falla Pla\u00e7a la Malva no nom\u00e9s en l\u2019\u00e0mbit faller, sin\u00f3 al de la cultura general amb iniciatives tan ambicioses com el seu llibre anual, \u2018Tro d\u2019Av\u00eds\u201d.<\/p>\n","protected":false},"excerpt":{"rendered":"<div class=\"mh-excerpt\">La vicepresidenta de la Diputaci\u00f3 de Val\u00e8ncia, Maria Josep Amig\u00f3, va assistir ahir dijous a la presentaci\u00f3 del llibret de la Falla Pla\u00e7a Malva d\u2019Alzira \u201cTro d\u2019Av\u00eds\u201d. Aquest acte va tindre lloc a la Casa <a class=\"mh-excerpt-more\" href=\"https:\/\/www.tucomarca.com\/wordpress\/segunda\/maria-josep-amigo-assisteix-a-la-presentacio-del-llibret-tro-davis\/\" title=\"Maria Josep Amig\u00f3 assisteix a la presentaci\u00f3 del llibret \u201cTro d\u2019Av\u00eds\u201d\">[+] <\/a><\/div>\n","protected":false},"author":1,"featured_media":65709,"comment_status":"open","ping_status":"open","sticky":false,"template":"","format":"standard","meta":{"footnotes":""},"categories":[69,42,5,383,45],"tags":[10402,204],"class_list":{"0":"post-65703","1":"post","2":"type-post","3":"status-publish","4":"format-standard","5":"has-post-thumbnail","7":"category-alzira","8":"category-la-ribera","9":"category-la-semana-en-imagenes","10":"category-pueblos-en-fiestas","11":"category-ventana","12":"tag-alzira","13":"tag-diputacion"},"_links":{"self":[{"href":"https:\/\/www.tucomarca.com\/wordpress\/segunda\/wp-json\/wp\/v2\/posts\/65703","targetHints":{"allow":["GET"]}}],"collection":[{"href":"https:\/\/www.tucomarca.com\/wordpress\/segunda\/wp-json\/wp\/v2\/posts"}],"about":[{"href":"https:\/\/www.tucomarca.com\/wordpress\/segunda\/wp-json\/wp\/v2\/types\/post"}],"author":[{"embeddable":true,"href":"https:\/\/www.tucomarca.com\/wordpress\/segunda\/wp-json\/wp\/v2\/users\/1"}],"replies":[{"embeddable":true,"href":"https:\/\/www.tucomarca.com\/wordpress\/segunda\/wp-json\/wp\/v2\/comments?post=65703"}],"version-history":[{"count":0,"href":"https:\/\/www.tucomarca.com\/wordpress\/segunda\/wp-json\/wp\/v2\/posts\/65703\/revisions"}],"wp:featuredmedia":[{"embeddable":true,"href":"https:\/\/www.tucomarca.com\/wordpress\/segunda\/wp-json\/wp\/v2\/media\/65709"}],"wp:attachment":[{"href":"https:\/\/www.tucomarca.com\/wordpress\/segunda\/wp-json\/wp\/v2\/media?parent=65703"}],"wp:term":[{"taxonomy":"category","embeddable":true,"href":"https:\/\/www.tucomarca.com\/wordpress\/segunda\/wp-json\/wp\/v2\/categories?post=65703"},{"taxonomy":"post_tag","embeddable":true,"href":"https:\/\/www.tucomarca.com\/wordpress\/segunda\/wp-json\/wp\/v2\/tags?post=65703"}],"curies":[{"name":"wp","href":"https:\/\/api.w.org\/{rel}","templated":true}]}}